{"id":943,"date":"2025-03-18T13:04:51","date_gmt":"2025-03-18T11:04:51","guid":{"rendered":"https:\/\/unionprofesionaldegalicia.org\/?p=943"},"modified":"2025-04-16T10:12:29","modified_gmt":"2025-04-16T08:12:29","slug":"coatac-medicion-gas-radon-oficinas-colegiales","status":"publish","type":"post","link":"https:\/\/unionprofesionaldegalicia.org\/gl\/coatac-medicion-gas-radon-oficinas-colegiales\/","title":{"rendered":"COATAC mide niveles de gas rad\u00f3n en oficinas"},"content":{"rendered":"<p>[et_pb_section fb_built=\u00bb1&#8243; _builder_version=\u00bb4.27.4&#8243; _module_preset=\u00bbdefault\u00bb global_colors_info=\u00bb{}\u00bb][et_pb_row _builder_version=\u00bb4.27.4&#8243; _module_preset=\u00bbdefault\u00bb global_colors_info=\u00bb{}\u00bb][et_pb_column type=\u00bb4_4&#8243; _builder_version=\u00bb4.27.4&#8243; _module_preset=\u00bbdefault\u00bb global_colors_info=\u00bb{}\u00bb][et_pb_image src=\u00bbhttps:\/\/unionprofesionaldegalicia.org\/wp-content\/uploads\/2025\/03\/Simposium-10-de-mayo-Union-Profesional-de-Galicia.jpg\u00bb title_text=\u00bbSimposium 10 de mayo Unio\u0301n Profesional de Galicia\u00bb _builder_version=\u00bb4.27.4&#8243; _module_preset=\u00bbdefault\u00bb global_colors_info=\u00bb{}\u00bb][\/et_pb_image][\/et_pb_column][\/et_pb_row][et_pb_row _builder_version=\u00bb4.27.4&#8243; _module_preset=\u00bbdefault\u00bb global_colors_info=\u00bb{}\u00bb][et_pb_column type=\u00bb4_4&#8243; _builder_version=\u00bb4.27.4&#8243; _module_preset=\u00bbdefault\u00bb global_colors_info=\u00bb{}\u00bb][et_pb_text _builder_version=\u00bb4.27.4&#8243; _module_preset=\u00bbdefault\u00bb hover_enabled=\u00bb0&#8243; global_colors_info=\u00bb{}\u00bb sticky_enabled=\u00bb0&#8243;]<\/p>\n<h1><strong>COATAC mide niveles de gas rad\u00f3n en oficinas<\/strong><\/h1>\n<p>[\/et_pb_text][et_pb_text _builder_version=\u00bb4.27.4&#8243; _module_preset=\u00bbdefault\u00bb hover_enabled=\u00bb0&#8243; global_colors_info=\u00bb{}\u00bb sticky_enabled=\u00bb0&#8243;]<\/p>\n<p data-start=\"705\" data-end=\"1213\">El Colegio Oficial de la Arquitectura de A Coru\u00f1a ha llevado a cabo una exhaustiva medici\u00f3n de la concentraci\u00f3n del gas rad\u00f3n en sus oficinas colegiales de A Coru\u00f1a, Ferrol y Santiago. Esta acci\u00f3n, en cumplimiento del Real Decreto 1029\/2022, garantiza que los niveles de rad\u00f3n en los recintos sean seguros para colegiados y usuarios.<br data-start=\"4652\" data-end=\"4655\" \/>Seg\u00fan el art\u00edculo 72 del citado decreto, el nivel de referencia para el promedio anual de concentraci\u00f3n de rad\u00f3n en ambientes cerrados es de 300 Bq\/m\u00b3. Los resultados obtenidos han mostrado concentraciones muy por debajo de este umbral, lo que reafirma el compromiso de la instituci\u00f3n con la salud y la seguridad en el entorno laboral.<br data-start=\"4990\" data-end=\"4993\" \/>Esta medici\u00f3n es parte de un plan de prevenci\u00f3n y control de riesgos que busca asegurar condiciones \u00f3ptimas en los lugares de trabajo. La transparencia en la difusi\u00f3n de estos resultados refuerza la confianza de los colegiados y de la ciudadan\u00eda en la gesti\u00f3n de la seguridad. Para m\u00e1s detalles sobre esta iniciativa, puede consultarse la informaci\u00f3n completa en el sitio web del <a data-start=\"5373\" data-end=\"5429\" rel=\"noopener\" target=\"_new\" href=\"https:\/\/www.coatac.es\/noticias\/noticia\/id\/3548\">COATAC<\/a>.<\/p>\n<p>[\/et_pb_text][\/et_pb_column][\/et_pb_row][et_pb_row _builder_version=\u00bb4.27.4&#8243; _module_preset=\u00bbdefault\u00bb global_colors_info=\u00bb{}\u00bb][et_pb_column type=\u00bb4_4&#8243; _builder_version=\u00bb4.27.4&#8243; _module_preset=\u00bbdefault\u00bb global_colors_info=\u00bb{}\u00bb][et_pb_button button_url=\u00bbhttps:\/\/www.coatac.es\/noticias\/noticia\/id\/3548&#8243; url_new_window=\u00bbon\u00bb button_text=\u00bbAccede a la noticia original\u00bb button_alignment=\u00bbcenter\u00bb _builder_version=\u00bb4.27.4&#8243; _module_preset=\u00bbdefault\u00bb hover_enabled=\u00bb0&#8243; global_colors_info=\u00bb{}\u00bb sticky_enabled=\u00bb0&#8243;][\/et_pb_button][et_pb_divider _builder_version=\u00bb4.27.4&#8243; _module_preset=\u00bbdefault\u00bb global_colors_info=\u00bb{}\u00bb][\/et_pb_divider][\/et_pb_column][\/et_pb_row][\/et_pb_section]<\/p>\n","protected":false},"excerpt":{"rendered":"<p>El Colegio Oficial de la Arquitectura de A Coru\u00f1a informa sobre la medici\u00f3n de gas rad\u00f3n en sus oficinas, confirmando niveles muy bajos y seguros.<\/p>","protected":false},"author":2,"featured_media":829,"comment_status":"closed","ping_status":"open","sticky":false,"template":"","format":"standard","meta":{"_et_pb_use_builder":"on","_et_pb_old_content":"","_et_gb_content_width":"","footnotes":""},"categories":[41],"tags":[16,17,18,15,14,19],"class_list":["post-943","post","type-post","status-publish","format-standard","has-post-thumbnail","hentry","category-noticias-union-profesional-de-galicia","tag-compromiso-social","tag-eventos-upg","tag-excelencia-profesional","tag-innovacion-tecnologica","tag-simposium-2025","tag-union-profesional-de-galicia"],"yoast_head":"<!-- This site is optimized with the Yoast SEO plugin v27.4 - https:\/\/yoast.com\/product\/yoast-seo-wordpress\/ -->\n<title>Simposium de Innovaci\u00f3n y Compromiso Profesional 2025<\/title>\n<meta name=\"description\" content=\"El Colegio Oficial de la Arquitectura de A Coru\u00f1a informa sobre la medici\u00f3n de gas rad\u00f3n en sus oficinas, confirmando niveles muy bajos y seguros.\" \/>\n<meta name=\"robots\" content=\"index, follow, max-snippet:-1, max-image-preview:large, max-video-preview:-1\" \/>\n<link rel=\"canonical\" href=\"https:\/\/unionprofesionaldegalicia.org\/gl\/coatac-medicion-gas-radon-oficinas-colegiales\/\" \/>\n<meta property=\"og:locale\" content=\"gl_ES\" \/>\n<meta property=\"og:type\" content=\"article\" \/>\n<meta property=\"og:title\" content=\"Simposium de Innovaci\u00f3n y Compromiso Profesional 2025\" \/>\n<meta property=\"og:description\" content=\"El Colegio Oficial de la Arquitectura de A Coru\u00f1a informa sobre la medici\u00f3n de gas rad\u00f3n en sus oficinas, confirmando niveles muy bajos y seguros.\" \/>\n<meta property=\"og:url\" content=\"https:\/\/unionprofesionaldegalicia.org\/gl\/coatac-medicion-gas-radon-oficinas-colegiales\/\" \/>\n<meta property=\"og:site_name\" content=\"Uni\u00f3n Profesional de Galicia\" \/>\n<meta property=\"article:published_time\" content=\"2025-03-18T11:04:51+00:00\" \/>\n<meta property=\"article:modified_time\" content=\"2025-04-16T08:12:29+00:00\" \/>\n<meta property=\"og:image\" content=\"https:\/\/unionprofesionaldegalicia.org\/wp-content\/uploads\/2025\/03\/01-SEDE-UNION-PROFESIONAL-DE-GALICIA_0004_SEDE-UNION-PROFESIONAL-DE-GALICIA.jpg\" \/>\n\t<meta property=\"og:image:width\" content=\"1280\" \/>\n\t<meta property=\"og:image:height\" content=\"720\" \/>\n\t<meta property=\"og:image:type\" content=\"image\/jpeg\" \/>\n<meta name=\"author\" content=\"Miguel Fern\u00e1ndez Castro\" \/>\n<meta name=\"twitter:card\" content=\"summary_large_image\" \/>\n<meta name=\"twitter:label1\" content=\"Escrito por\" \/>\n\t<meta name=\"twitter:data1\" content=\"Miguel Fern\u00e1ndez Castro\" \/>\n\t<meta name=\"twitter:label2\" content=\"Tempo de lectura\" \/>\n\t<meta name=\"twitter:data2\" content=\"4 minutos\" \/>\n<script type=\"application\/ld+json\" class=\"yoast-schema-graph\">{\"@context\":\"https:\\\/\\\/schema.org\",\"@graph\":[{\"@type\":\"Article\",\"@id\":\"https:\\\/\\\/unionprofesionaldegalicia.org\\\/coatac-medicion-gas-radon-oficinas-colegiales\\\/#article\",\"isPartOf\":{\"@id\":\"https:\\\/\\\/unionprofesionaldegalicia.org\\\/coatac-medicion-gas-radon-oficinas-colegiales\\\/\"},\"author\":{\"name\":\"Miguel Fern\u00e1ndez Castro\",\"@id\":\"https:\\\/\\\/unionprofesionaldegalicia.org\\\/#\\\/schema\\\/person\\\/1f5f151f1b6733621ffef1586f99d1e0\"},\"headline\":\"COATAC mide niveles de gas rad\u00f3n en oficinas\",\"datePublished\":\"2025-03-18T11:04:51+00:00\",\"dateModified\":\"2025-04-16T08:12:29+00:00\",\"mainEntityOfPage\":{\"@id\":\"https:\\\/\\\/unionprofesionaldegalicia.org\\\/coatac-medicion-gas-radon-oficinas-colegiales\\\/\"},\"wordCount\":437,\"publisher\":{\"@id\":\"https:\\\/\\\/unionprofesionaldegalicia.org\\\/#organization\"},\"image\":{\"@id\":\"https:\\\/\\\/unionprofesionaldegalicia.org\\\/coatac-medicion-gas-radon-oficinas-colegiales\\\/#primaryimage\"},\"thumbnailUrl\":\"https:\\\/\\\/unionprofesionaldegalicia.org\\\/wp-content\\\/uploads\\\/2025\\\/03\\\/01-SEDE-UNION-PROFESIONAL-DE-GALICIA_0004_SEDE-UNION-PROFESIONAL-DE-GALICIA.jpg\",\"keywords\":[\"Compromiso social\",\"Eventos UPG\",\"Excelencia profesional\",\"Innovaci\u00f3n tecnol\u00f3gica\",\"Simposium 2025\",\"Uni\u00f3n Profesional de Galicia\"],\"articleSection\":[\"Noticias Uni\u00f3n Profesional de Galicia\"],\"inLanguage\":\"gl-ES\"},{\"@type\":\"WebPage\",\"@id\":\"https:\\\/\\\/unionprofesionaldegalicia.org\\\/coatac-medicion-gas-radon-oficinas-colegiales\\\/\",\"url\":\"https:\\\/\\\/unionprofesionaldegalicia.org\\\/coatac-medicion-gas-radon-oficinas-colegiales\\\/\",\"name\":\"Simposium de Innovaci\u00f3n y Compromiso Profesional 2025\",\"isPartOf\":{\"@id\":\"https:\\\/\\\/unionprofesionaldegalicia.org\\\/#website\"},\"primaryImageOfPage\":{\"@id\":\"https:\\\/\\\/unionprofesionaldegalicia.org\\\/coatac-medicion-gas-radon-oficinas-colegiales\\\/#primaryimage\"},\"image\":{\"@id\":\"https:\\\/\\\/unionprofesionaldegalicia.org\\\/coatac-medicion-gas-radon-oficinas-colegiales\\\/#primaryimage\"},\"thumbnailUrl\":\"https:\\\/\\\/unionprofesionaldegalicia.org\\\/wp-content\\\/uploads\\\/2025\\\/03\\\/01-SEDE-UNION-PROFESIONAL-DE-GALICIA_0004_SEDE-UNION-PROFESIONAL-DE-GALICIA.jpg\",\"datePublished\":\"2025-03-18T11:04:51+00:00\",\"dateModified\":\"2025-04-16T08:12:29+00:00\",\"description\":\"El Colegio Oficial de la Arquitectura de A Coru\u00f1a informa sobre la medici\u00f3n de gas rad\u00f3n en sus oficinas, confirmando niveles muy bajos y seguros.\",\"breadcrumb\":{\"@id\":\"https:\\\/\\\/unionprofesionaldegalicia.org\\\/coatac-medicion-gas-radon-oficinas-colegiales\\\/#breadcrumb\"},\"inLanguage\":\"gl-ES\",\"potentialAction\":[{\"@type\":\"ReadAction\",\"target\":[\"https:\\\/\\\/unionprofesionaldegalicia.org\\\/coatac-medicion-gas-radon-oficinas-colegiales\\\/\"]}]},{\"@type\":\"ImageObject\",\"inLanguage\":\"gl-ES\",\"@id\":\"https:\\\/\\\/unionprofesionaldegalicia.org\\\/coatac-medicion-gas-radon-oficinas-colegiales\\\/#primaryimage\",\"url\":\"https:\\\/\\\/unionprofesionaldegalicia.org\\\/wp-content\\\/uploads\\\/2025\\\/03\\\/01-SEDE-UNION-PROFESIONAL-DE-GALICIA_0004_SEDE-UNION-PROFESIONAL-DE-GALICIA.jpg\",\"contentUrl\":\"https:\\\/\\\/unionprofesionaldegalicia.org\\\/wp-content\\\/uploads\\\/2025\\\/03\\\/01-SEDE-UNION-PROFESIONAL-DE-GALICIA_0004_SEDE-UNION-PROFESIONAL-DE-GALICIA.jpg\",\"width\":1280,\"height\":720},{\"@type\":\"BreadcrumbList\",\"@id\":\"https:\\\/\\\/unionprofesionaldegalicia.org\\\/coatac-medicion-gas-radon-oficinas-colegiales\\\/#breadcrumb\",\"itemListElement\":[{\"@type\":\"ListItem\",\"position\":1,\"name\":\"Portada\",\"item\":\"https:\\\/\\\/unionprofesionaldegalicia.org\\\/\"},{\"@type\":\"ListItem\",\"position\":2,\"name\":\"COATAC mide niveles de gas rad\u00f3n en oficinas\"}]},{\"@type\":\"WebSite\",\"@id\":\"https:\\\/\\\/unionprofesionaldegalicia.org\\\/#website\",\"url\":\"https:\\\/\\\/unionprofesionaldegalicia.org\\\/\",\"name\":\"Uni\u00f3n Profesional de Galicia\",\"description\":\"La Uni\u00f3n Profesional de Galicia es la entidad que agrupa a 44 colegios profesionales y act\u00faa como nexo entre ellos y la Administraci\u00f3n para impulsar iniciativas que fortalecen el ejercicio profesional y mejoran la actividad judicial.\",\"publisher\":{\"@id\":\"https:\\\/\\\/unionprofesionaldegalicia.org\\\/#organization\"},\"potentialAction\":[{\"@type\":\"SearchAction\",\"target\":{\"@type\":\"EntryPoint\",\"urlTemplate\":\"https:\\\/\\\/unionprofesionaldegalicia.org\\\/?s={search_term_string}\"},\"query-input\":{\"@type\":\"PropertyValueSpecification\",\"valueRequired\":true,\"valueName\":\"search_term_string\"}}],\"inLanguage\":\"gl-ES\"},{\"@type\":\"Organization\",\"@id\":\"https:\\\/\\\/unionprofesionaldegalicia.org\\\/#organization\",\"name\":\"Uni\u00f3n Profesional de Galicia\",\"url\":\"https:\\\/\\\/unionprofesionaldegalicia.org\\\/\",\"logo\":{\"@type\":\"ImageObject\",\"inLanguage\":\"gl-ES\",\"@id\":\"https:\\\/\\\/unionprofesionaldegalicia.org\\\/#\\\/schema\\\/logo\\\/image\\\/\",\"url\":\"https:\\\/\\\/unionprofesionaldegalicia.org\\\/wp-content\\\/uploads\\\/2024\\\/12\\\/Logo-Union-Profesional.jpg\",\"contentUrl\":\"https:\\\/\\\/unionprofesionaldegalicia.org\\\/wp-content\\\/uploads\\\/2024\\\/12\\\/Logo-Union-Profesional.jpg\",\"width\":200,\"height\":71,\"caption\":\"Uni\u00f3n Profesional de Galicia\"},\"image\":{\"@id\":\"https:\\\/\\\/unionprofesionaldegalicia.org\\\/#\\\/schema\\\/logo\\\/image\\\/\"}},{\"@type\":\"Person\",\"@id\":\"https:\\\/\\\/unionprofesionaldegalicia.org\\\/#\\\/schema\\\/person\\\/1f5f151f1b6733621ffef1586f99d1e0\",\"name\":\"Miguel Fern\u00e1ndez Castro\",\"image\":{\"@type\":\"ImageObject\",\"inLanguage\":\"gl-ES\",\"@id\":\"https:\\\/\\\/secure.gravatar.com\\\/avatar\\\/56b998da338d19949582cc65096ee27ca386ba244f98bd3a6912608ca1f77a9a?s=96&d=mm&r=g\",\"url\":\"https:\\\/\\\/secure.gravatar.com\\\/avatar\\\/56b998da338d19949582cc65096ee27ca386ba244f98bd3a6912608ca1f77a9a?s=96&d=mm&r=g\",\"contentUrl\":\"https:\\\/\\\/secure.gravatar.com\\\/avatar\\\/56b998da338d19949582cc65096ee27ca386ba244f98bd3a6912608ca1f77a9a?s=96&d=mm&r=g\",\"caption\":\"Miguel Fern\u00e1ndez Castro\"},\"sameAs\":[\"https:\\\/\\\/gestudiosmultimedia.com\"],\"url\":\"https:\\\/\\\/unionprofesionaldegalicia.org\\\/gl\\\/author\\\/miguelgestudiosmultimedia-com\\\/\"}]}<\/script>\n<!-- \/ Yoast SEO plugin. -->","yoast_head_json":{"title":"Simposium de Innovaci\u00f3n y Compromiso Profesional 2025","description":"El Colegio Oficial de la Arquitectura de A Coru\u00f1a informa sobre la medici\u00f3n de gas rad\u00f3n en sus oficinas, confirmando niveles muy bajos y seguros.","robots":{"index":"index","follow":"follow","max-snippet":"max-snippet:-1","max-image-preview":"max-image-preview:large","max-video-preview":"max-video-preview:-1"},"canonical":"https:\/\/unionprofesionaldegalicia.org\/gl\/coatac-medicion-gas-radon-oficinas-colegiales\/","og_locale":"gl_ES","og_type":"article","og_title":"Simposium de Innovaci\u00f3n y Compromiso Profesional 2025","og_description":"El Colegio Oficial de la Arquitectura de A Coru\u00f1a informa sobre la medici\u00f3n de gas rad\u00f3n en sus oficinas, confirmando niveles muy bajos y seguros.","og_url":"https:\/\/unionprofesionaldegalicia.org\/gl\/coatac-medicion-gas-radon-oficinas-colegiales\/","og_site_name":"Uni\u00f3n Profesional de Galicia","article_published_time":"2025-03-18T11:04:51+00:00","article_modified_time":"2025-04-16T08:12:29+00:00","og_image":[{"width":1280,"height":720,"url":"https:\/\/unionprofesionaldegalicia.org\/wp-content\/uploads\/2025\/03\/01-SEDE-UNION-PROFESIONAL-DE-GALICIA_0004_SEDE-UNION-PROFESIONAL-DE-GALICIA.jpg","type":"image\/jpeg"}],"author":"Miguel Fern\u00e1ndez Castro","twitter_card":"summary_large_image","twitter_misc":{"Escrito por":"Miguel Fern\u00e1ndez Castro","Tempo de lectura":"4 minutos"},"schema":{"@context":"https:\/\/schema.org","@graph":[{"@type":"Article","@id":"https:\/\/unionprofesionaldegalicia.org\/coatac-medicion-gas-radon-oficinas-colegiales\/#article","isPartOf":{"@id":"https:\/\/unionprofesionaldegalicia.org\/coatac-medicion-gas-radon-oficinas-colegiales\/"},"author":{"name":"Miguel Fern\u00e1ndez Castro","@id":"https:\/\/unionprofesionaldegalicia.org\/#\/schema\/person\/1f5f151f1b6733621ffef1586f99d1e0"},"headline":"COATAC mide niveles de gas rad\u00f3n en oficinas","datePublished":"2025-03-18T11:04:51+00:00","dateModified":"2025-04-16T08:12:29+00:00","mainEntityOfPage":{"@id":"https:\/\/unionprofesionaldegalicia.org\/coatac-medicion-gas-radon-oficinas-colegiales\/"},"wordCount":437,"publisher":{"@id":"https:\/\/unionprofesionaldegalicia.org\/#organization"},"image":{"@id":"https:\/\/unionprofesionaldegalicia.org\/coatac-medicion-gas-radon-oficinas-colegiales\/#primaryimage"},"thumbnailUrl":"https:\/\/unionprofesionaldegalicia.org\/wp-content\/uploads\/2025\/03\/01-SEDE-UNION-PROFESIONAL-DE-GALICIA_0004_SEDE-UNION-PROFESIONAL-DE-GALICIA.jpg","keywords":["Compromiso social","Eventos UPG","Excelencia profesional","Innovaci\u00f3n tecnol\u00f3gica","Simposium 2025","Uni\u00f3n Profesional de Galicia"],"articleSection":["Noticias Uni\u00f3n Profesional de Galicia"],"inLanguage":"gl-ES"},{"@type":"WebPage","@id":"https:\/\/unionprofesionaldegalicia.org\/coatac-medicion-gas-radon-oficinas-colegiales\/","url":"https:\/\/unionprofesionaldegalicia.org\/coatac-medicion-gas-radon-oficinas-colegiales\/","name":"Simposium de Innovaci\u00f3n y Compromiso Profesional 2025","isPartOf":{"@id":"https:\/\/unionprofesionaldegalicia.org\/#website"},"primaryImageOfPage":{"@id":"https:\/\/unionprofesionaldegalicia.org\/coatac-medicion-gas-radon-oficinas-colegiales\/#primaryimage"},"image":{"@id":"https:\/\/unionprofesionaldegalicia.org\/coatac-medicion-gas-radon-oficinas-colegiales\/#primaryimage"},"thumbnailUrl":"https:\/\/unionprofesionaldegalicia.org\/wp-content\/uploads\/2025\/03\/01-SEDE-UNION-PROFESIONAL-DE-GALICIA_0004_SEDE-UNION-PROFESIONAL-DE-GALICIA.jpg","datePublished":"2025-03-18T11:04:51+00:00","dateModified":"2025-04-16T08:12:29+00:00","description":"El Colegio Oficial de la Arquitectura de A Coru\u00f1a informa sobre la medici\u00f3n de gas rad\u00f3n en sus oficinas, confirmando niveles muy bajos y seguros.","breadcrumb":{"@id":"https:\/\/unionprofesionaldegalicia.org\/coatac-medicion-gas-radon-oficinas-colegiales\/#breadcrumb"},"inLanguage":"gl-ES","potentialAction":[{"@type":"ReadAction","target":["https:\/\/unionprofesionaldegalicia.org\/coatac-medicion-gas-radon-oficinas-colegiales\/"]}]},{"@type":"ImageObject","inLanguage":"gl-ES","@id":"https:\/\/unionprofesionaldegalicia.org\/coatac-medicion-gas-radon-oficinas-colegiales\/#primaryimage","url":"https:\/\/unionprofesionaldegalicia.org\/wp-content\/uploads\/2025\/03\/01-SEDE-UNION-PROFESIONAL-DE-GALICIA_0004_SEDE-UNION-PROFESIONAL-DE-GALICIA.jpg","contentUrl":"https:\/\/unionprofesionaldegalicia.org\/wp-content\/uploads\/2025\/03\/01-SEDE-UNION-PROFESIONAL-DE-GALICIA_0004_SEDE-UNION-PROFESIONAL-DE-GALICIA.jpg","width":1280,"height":720},{"@type":"BreadcrumbList","@id":"https:\/\/unionprofesionaldegalicia.org\/coatac-medicion-gas-radon-oficinas-colegiales\/#breadcrumb","itemListElement":[{"@type":"ListItem","position":1,"name":"Portada","item":"https:\/\/unionprofesionaldegalicia.org\/"},{"@type":"ListItem","position":2,"name":"COATAC mide niveles de gas rad\u00f3n en oficinas"}]},{"@type":"WebSite","@id":"https:\/\/unionprofesionaldegalicia.org\/#website","url":"https:\/\/unionprofesionaldegalicia.org\/","name":"Uni\u00f3n Profesional de Galicia","description":"La Uni\u00f3n Profesional de Galicia es la entidad que agrupa a 44 colegios profesionales y act\u00faa como nexo entre ellos y la Administraci\u00f3n para impulsar iniciativas que fortalecen el ejercicio profesional y mejoran la actividad judicial.","publisher":{"@id":"https:\/\/unionprofesionaldegalicia.org\/#organization"},"potentialAction":[{"@type":"SearchAction","target":{"@type":"EntryPoint","urlTemplate":"https:\/\/unionprofesionaldegalicia.org\/?s={search_term_string}"},"query-input":{"@type":"PropertyValueSpecification","valueRequired":true,"valueName":"search_term_string"}}],"inLanguage":"gl-ES"},{"@type":"Organization","@id":"https:\/\/unionprofesionaldegalicia.org\/#organization","name":"Uni\u00f3n Profesional de Galicia","url":"https:\/\/unionprofesionaldegalicia.org\/","logo":{"@type":"ImageObject","inLanguage":"gl-ES","@id":"https:\/\/unionprofesionaldegalicia.org\/#\/schema\/logo\/image\/","url":"https:\/\/unionprofesionaldegalicia.org\/wp-content\/uploads\/2024\/12\/Logo-Union-Profesional.jpg","contentUrl":"https:\/\/unionprofesionaldegalicia.org\/wp-content\/uploads\/2024\/12\/Logo-Union-Profesional.jpg","width":200,"height":71,"caption":"Uni\u00f3n Profesional de Galicia"},"image":{"@id":"https:\/\/unionprofesionaldegalicia.org\/#\/schema\/logo\/image\/"}},{"@type":"Person","@id":"https:\/\/unionprofesionaldegalicia.org\/#\/schema\/person\/1f5f151f1b6733621ffef1586f99d1e0","name":"Miguel Fern\u00e1ndez Castro","image":{"@type":"ImageObject","inLanguage":"gl-ES","@id":"https:\/\/secure.gravatar.com\/avatar\/56b998da338d19949582cc65096ee27ca386ba244f98bd3a6912608ca1f77a9a?s=96&d=mm&r=g","url":"https:\/\/secure.gravatar.com\/avatar\/56b998da338d19949582cc65096ee27ca386ba244f98bd3a6912608ca1f77a9a?s=96&d=mm&r=g","contentUrl":"https:\/\/secure.gravatar.com\/avatar\/56b998da338d19949582cc65096ee27ca386ba244f98bd3a6912608ca1f77a9a?s=96&d=mm&r=g","caption":"Miguel Fern\u00e1ndez Castro"},"sameAs":["https:\/\/gestudiosmultimedia.com"],"url":"https:\/\/unionprofesionaldegalicia.org\/gl\/author\/miguelgestudiosmultimedia-com\/"}]}},"_links":{"self":[{"href":"https:\/\/unionprofesionaldegalicia.org\/gl\/wp-json\/wp\/v2\/posts\/943","targetHints":{"allow":["GET"]}}],"collection":[{"href":"https:\/\/unionprofesionaldegalicia.org\/gl\/wp-json\/wp\/v2\/posts"}],"about":[{"href":"https:\/\/unionprofesionaldegalicia.org\/gl\/wp-json\/wp\/v2\/types\/post"}],"author":[{"embeddable":true,"href":"https:\/\/unionprofesionaldegalicia.org\/gl\/wp-json\/wp\/v2\/users\/2"}],"replies":[{"embeddable":true,"href":"https:\/\/unionprofesionaldegalicia.org\/gl\/wp-json\/wp\/v2\/comments?post=943"}],"version-history":[{"count":3,"href":"https:\/\/unionprofesionaldegalicia.org\/gl\/wp-json\/wp\/v2\/posts\/943\/revisions"}],"predecessor-version":[{"id":946,"href":"https:\/\/unionprofesionaldegalicia.org\/gl\/wp-json\/wp\/v2\/posts\/943\/revisions\/946"}],"wp:featuredmedia":[{"embeddable":true,"href":"https:\/\/unionprofesionaldegalicia.org\/gl\/wp-json\/wp\/v2\/media\/829"}],"wp:attachment":[{"href":"https:\/\/unionprofesionaldegalicia.org\/gl\/wp-json\/wp\/v2\/media?parent=943"}],"wp:term":[{"taxonomy":"category","embeddable":true,"href":"https:\/\/unionprofesionaldegalicia.org\/gl\/wp-json\/wp\/v2\/categories?post=943"},{"taxonomy":"post_tag","embeddable":true,"href":"https:\/\/unionprofesionaldegalicia.org\/gl\/wp-json\/wp\/v2\/tags?post=943"}],"curies":[{"name":"wp","href":"https:\/\/api.w.org\/{rel}","templated":true}]}}