{"id":935,"date":"2025-03-18T13:01:30","date_gmt":"2025-03-18T11:01:30","guid":{"rendered":"https:\/\/unionprofesionaldegalicia.org\/?p=935"},"modified":"2025-04-16T10:12:41","modified_gmt":"2025-04-16T08:12:41","slug":"agenda-territorial-integracion-urbana-rural","status":"publish","type":"post","link":"https:\/\/unionprofesionaldegalicia.org\/gl\/agenda-territorial-integracion-urbana-rural\/","title":{"rendered":"Agenda Territorial: Integraci\u00f3n Urbana y Rural"},"content":{"rendered":"\n[et_pb_section fb_built=\u00bb1&#8243; _builder_version=\u00bb4.27.4&#8243; _module_preset=\u00bbdefault\u00bb global_colors_info=\u00bb{}\u00bb][et_pb_row _builder_version=\u00bb4.27.4&#8243; _module_preset=\u00bbdefault\u00bb global_colors_info=\u00bb{}\u00bb][et_pb_column type=\u00bb4_4&#8243; _builder_version=\u00bb4.27.4&#8243; _module_preset=\u00bbdefault\u00bb global_colors_info=\u00bb{}\u00bb][et_pb_image src=\u00bbhttps:\/\/unionprofesionaldegalicia.org\/wp-content\/uploads\/2025\/03\/Hacia-una-Agenda-TerritoriaL.jpg\u00bb title_text=\u00bbHacia una Agenda TerritoriaL\u00bb _builder_version=\u00bb4.27.4&#8243; _module_preset=\u00bbdefault\u00bb hover_enabled=\u00bb0&#8243; global_colors_info=\u00bb{}\u00bb sticky_enabled=\u00bb0&#8243;][\/et_pb_image][\/et_pb_column][\/et_pb_row][et_pb_row _builder_version=\u00bb4.27.4&#8243; _module_preset=\u00bbdefault\u00bb global_colors_info=\u00bb{}\u00bb][et_pb_column type=\u00bb4_4&#8243; _builder_version=\u00bb4.27.4&#8243; _module_preset=\u00bbdefault\u00bb global_colors_info=\u00bb{}\u00bb][et_pb_text _builder_version=\u00bb4.27.4&#8243; _module_preset=\u00bbdefault\u00bb hover_enabled=\u00bb0&#8243; global_colors_info=\u00bb{}\u00bb sticky_enabled=\u00bb0&#8243;]<h1><strong>Hacia una Agenda Territorial de Galicia: Integraci\u00f3n Urbana y Rural<\/strong><\/h1>[\/et_pb_text][et_pb_text _builder_version=\u00bb4.27.4&#8243; _module_preset=\u00bbdefault\u00bb hover_enabled=\u00bb0&#8243; global_colors_info=\u00bb{}\u00bb sticky_enabled=\u00bb0&#8243;]<p data-start=\"705\" data-end=\"1213\">La integraci\u00f3n entre \u00e1reas urbanas y rurales es clave para un desarrollo sostenible en Galicia. En noviembre, la presidenta del <a data-start=\"2594\" data-end=\"2765\" rel=\"noopener\" target=\"_new\" href=\"https:\/\/www.coapicoruna.com\/noticia\/cara-a-unha-axenda-territorial-de-galicia-integracion-urbana-e-rural\/233\">Colegio de Agentes de la Propiedad Inmobiliaria de A Coru\u00f1a<\/a> particip\u00f3 en la jornada \u201cHacia una Agenda Territorial de Galicia. Integraci\u00f3n Urbana y Rural\u201d, celebrada en la Fundaci\u00f3n RIA de Santiago de Compostela.<br data-start=\"2917\" data-end=\"2920\" \/>El evento, organizado en colaboraci\u00f3n con la Xunta de Galicia y el Colegio Oficial de Arquitectos de Galicia, reuni\u00f3 a expertos y autoridades para debatir las claves que permitan un crecimiento equilibrado y arm\u00f3nico en ambos entornos. Durante la jornada se abordaron temas fundamentales como la planificaci\u00f3n urbana, la preservaci\u00f3n del patrimonio rural y la necesidad de impulsar infraestructuras que conecten ambos mundos.<br data-start=\"3345\" data-end=\"3348\" \/>Esta iniciativa pone de manifiesto el compromiso de nuestros colegios profesionales por fomentar la integraci\u00f3n territorial, aportando soluciones que mejoren la calidad de vida de los ciudadanos y potencien el desarrollo econ\u00f3mico regional. La jornada ofrece un espacio de intercambio de ideas y experiencias, orientado a trazar una hoja de ruta para una Galicia m\u00e1s unida y sostenible, en la que la colaboraci\u00f3n entre el sector p\u00fablico y privado es esencial.<\/p>[\/et_pb_text][et_pb_button button_url=\u00bbhttps:\/\/www.coapicoruna.com\/noticia\/cara-a-unha-axenda-territorial-de-galicia-integracion-urbana-e-rural\/233&#8243; url_new_window=\u00bbon\u00bb button_text=\u00bbAccede a la noticia completa\u00bb button_alignment=\u00bbcenter\u00bb _builder_version=\u00bb4.27.4&#8243; _module_preset=\u00bbdefault\u00bb hover_enabled=\u00bb0&#8243; global_colors_info=\u00bb{}\u00bb sticky_enabled=\u00bb0&#8243;][\/et_pb_button][\/et_pb_column][\/et_pb_row][et_pb_row _builder_version=\u00bb4.27.4&#8243; _module_preset=\u00bbdefault\u00bb global_colors_info=\u00bb{}\u00bb][et_pb_column type=\u00bb4_4&#8243; _builder_version=\u00bb4.27.4&#8243; _module_preset=\u00bbdefault\u00bb global_colors_info=\u00bb{}\u00bb][et_pb_divider _builder_version=\u00bb4.27.4&#8243; _module_preset=\u00bbdefault\u00bb global_colors_info=\u00bb{}\u00bb][\/et_pb_divider][\/et_pb_column][\/et_pb_row][\/et_pb_section]\n","protected":false},"excerpt":{"rendered":"<p>Descubre c\u00f3mo la jornada \u201cHacia una Agenda Territorial de Galicia\u201d impulsa la integraci\u00f3n y el desarrollo sostenible en entornos urbanos y rurales.<\/p>","protected":false},"author":2,"featured_media":936,"comment_status":"closed","ping_status":"open","sticky":false,"template":"","format":"standard","meta":{"_et_pb_use_builder":"on","_et_pb_old_content":"","_et_gb_content_width":"","footnotes":""},"categories":[41],"tags":[16,17,18,15,14,19],"class_list":["post-935","post","type-post","status-publish","format-standard","has-post-thumbnail","hentry","category-noticias-union-profesional-de-galicia","tag-compromiso-social","tag-eventos-upg","tag-excelencia-profesional","tag-innovacion-tecnologica","tag-simposium-2025","tag-union-profesional-de-galicia"],"yoast_head":"<!-- This site is optimized with the Yoast SEO plugin v27.4 - https:\/\/yoast.com\/product\/yoast-seo-wordpress\/ -->\n<title>Agenda Territorial: Integraci\u00f3n Urbana y Rural<\/title>\n<meta name=\"description\" content=\"Descubre c\u00f3mo la jornada \u201cHacia una Agenda Territorial de Galicia\u201d impulsa la integraci\u00f3n y el desarrollo sostenible en entornos urbanos y rurales.\" \/>\n<meta name=\"robots\" content=\"index, follow, max-snippet:-1, max-image-preview:large, max-video-preview:-1\" \/>\n<link rel=\"canonical\" href=\"https:\/\/unionprofesionaldegalicia.org\/gl\/agenda-territorial-integracion-urbana-rural\/\" \/>\n<meta property=\"og:locale\" content=\"gl_ES\" \/>\n<meta property=\"og:type\" content=\"article\" \/>\n<meta property=\"og:title\" content=\"Agenda Territorial: Integraci\u00f3n Urbana y Rural\" \/>\n<meta property=\"og:description\" content=\"Descubre c\u00f3mo la jornada \u201cHacia una Agenda Territorial de Galicia\u201d impulsa la integraci\u00f3n y el desarrollo sostenible en entornos urbanos y rurales.\" \/>\n<meta property=\"og:url\" content=\"https:\/\/unionprofesionaldegalicia.org\/gl\/agenda-territorial-integracion-urbana-rural\/\" \/>\n<meta property=\"og:site_name\" content=\"Uni\u00f3n Profesional de Galicia\" \/>\n<meta property=\"article:published_time\" content=\"2025-03-18T11:01:30+00:00\" \/>\n<meta property=\"article:modified_time\" content=\"2025-04-16T08:12:41+00:00\" \/>\n<meta property=\"og:image\" content=\"https:\/\/unionprofesionaldegalicia.org\/wp-content\/uploads\/2025\/03\/Hacia-una-Agenda-TerritoriaL.jpg\" \/>\n\t<meta property=\"og:image:width\" content=\"1280\" \/>\n\t<meta property=\"og:image:height\" content=\"720\" \/>\n\t<meta property=\"og:image:type\" content=\"image\/jpeg\" \/>\n<meta name=\"author\" content=\"Miguel Fern\u00e1ndez Castro\" \/>\n<meta name=\"twitter:card\" content=\"summary_large_image\" \/>\n<meta name=\"twitter:label1\" content=\"Escrito por\" \/>\n\t<meta name=\"twitter:data1\" content=\"Miguel Fern\u00e1ndez Castro\" \/>\n\t<meta name=\"twitter:label2\" content=\"Tempo de lectura\" \/>\n\t<meta name=\"twitter:data2\" content=\"2 minutos\" \/>\n<script type=\"application\/ld+json\" class=\"yoast-schema-graph\">{\"@context\":\"https:\\\/\\\/schema.org\",\"@graph\":[{\"@type\":\"Article\",\"@id\":\"https:\\\/\\\/unionprofesionaldegalicia.org\\\/agenda-territorial-integracion-urbana-rural\\\/#article\",\"isPartOf\":{\"@id\":\"https:\\\/\\\/unionprofesionaldegalicia.org\\\/agenda-territorial-integracion-urbana-rural\\\/\"},\"author\":{\"name\":\"Miguel Fern\u00e1ndez Castro\",\"@id\":\"https:\\\/\\\/unionprofesionaldegalicia.org\\\/#\\\/schema\\\/person\\\/1f5f151f1b6733621ffef1586f99d1e0\"},\"headline\":\"Agenda Territorial: Integraci\u00f3n Urbana y Rural\",\"datePublished\":\"2025-03-18T11:01:30+00:00\",\"dateModified\":\"2025-04-16T08:12:41+00:00\",\"mainEntityOfPage\":{\"@id\":\"https:\\\/\\\/unionprofesionaldegalicia.org\\\/agenda-territorial-integracion-urbana-rural\\\/\"},\"wordCount\":443,\"publisher\":{\"@id\":\"https:\\\/\\\/unionprofesionaldegalicia.org\\\/#organization\"},\"image\":{\"@id\":\"https:\\\/\\\/unionprofesionaldegalicia.org\\\/agenda-territorial-integracion-urbana-rural\\\/#primaryimage\"},\"thumbnailUrl\":\"https:\\\/\\\/unionprofesionaldegalicia.org\\\/wp-content\\\/uploads\\\/2025\\\/03\\\/Hacia-una-Agenda-TerritoriaL.jpg\",\"keywords\":[\"Compromiso social\",\"Eventos UPG\",\"Excelencia profesional\",\"Innovaci\u00f3n tecnol\u00f3gica\",\"Simposium 2025\",\"Uni\u00f3n Profesional de Galicia\"],\"articleSection\":[\"Noticias Uni\u00f3n Profesional de Galicia\"],\"inLanguage\":\"gl-ES\"},{\"@type\":\"WebPage\",\"@id\":\"https:\\\/\\\/unionprofesionaldegalicia.org\\\/agenda-territorial-integracion-urbana-rural\\\/\",\"url\":\"https:\\\/\\\/unionprofesionaldegalicia.org\\\/agenda-territorial-integracion-urbana-rural\\\/\",\"name\":\"Agenda Territorial: Integraci\u00f3n Urbana y Rural\",\"isPartOf\":{\"@id\":\"https:\\\/\\\/unionprofesionaldegalicia.org\\\/#website\"},\"primaryImageOfPage\":{\"@id\":\"https:\\\/\\\/unionprofesionaldegalicia.org\\\/agenda-territorial-integracion-urbana-rural\\\/#primaryimage\"},\"image\":{\"@id\":\"https:\\\/\\\/unionprofesionaldegalicia.org\\\/agenda-territorial-integracion-urbana-rural\\\/#primaryimage\"},\"thumbnailUrl\":\"https:\\\/\\\/unionprofesionaldegalicia.org\\\/wp-content\\\/uploads\\\/2025\\\/03\\\/Hacia-una-Agenda-TerritoriaL.jpg\",\"datePublished\":\"2025-03-18T11:01:30+00:00\",\"dateModified\":\"2025-04-16T08:12:41+00:00\",\"description\":\"Descubre c\u00f3mo la jornada \u201cHacia una Agenda Territorial de Galicia\u201d impulsa la integraci\u00f3n y el desarrollo sostenible en entornos urbanos y rurales.\",\"breadcrumb\":{\"@id\":\"https:\\\/\\\/unionprofesionaldegalicia.org\\\/agenda-territorial-integracion-urbana-rural\\\/#breadcrumb\"},\"inLanguage\":\"gl-ES\",\"potentialAction\":[{\"@type\":\"ReadAction\",\"target\":[\"https:\\\/\\\/unionprofesionaldegalicia.org\\\/agenda-territorial-integracion-urbana-rural\\\/\"]}]},{\"@type\":\"ImageObject\",\"inLanguage\":\"gl-ES\",\"@id\":\"https:\\\/\\\/unionprofesionaldegalicia.org\\\/agenda-territorial-integracion-urbana-rural\\\/#primaryimage\",\"url\":\"https:\\\/\\\/unionprofesionaldegalicia.org\\\/wp-content\\\/uploads\\\/2025\\\/03\\\/Hacia-una-Agenda-TerritoriaL.jpg\",\"contentUrl\":\"https:\\\/\\\/unionprofesionaldegalicia.org\\\/wp-content\\\/uploads\\\/2025\\\/03\\\/Hacia-una-Agenda-TerritoriaL.jpg\",\"width\":1280,\"height\":720},{\"@type\":\"BreadcrumbList\",\"@id\":\"https:\\\/\\\/unionprofesionaldegalicia.org\\\/agenda-territorial-integracion-urbana-rural\\\/#breadcrumb\",\"itemListElement\":[{\"@type\":\"ListItem\",\"position\":1,\"name\":\"Portada\",\"item\":\"https:\\\/\\\/unionprofesionaldegalicia.org\\\/\"},{\"@type\":\"ListItem\",\"position\":2,\"name\":\"Agenda Territorial: Integraci\u00f3n Urbana y Rural\"}]},{\"@type\":\"WebSite\",\"@id\":\"https:\\\/\\\/unionprofesionaldegalicia.org\\\/#website\",\"url\":\"https:\\\/\\\/unionprofesionaldegalicia.org\\\/\",\"name\":\"Uni\u00f3n Profesional de Galicia\",\"description\":\"La Uni\u00f3n Profesional de Galicia es la entidad que agrupa a 44 colegios profesionales y act\u00faa como nexo entre ellos y la Administraci\u00f3n para impulsar iniciativas que fortalecen el ejercicio profesional y mejoran la actividad judicial.\",\"publisher\":{\"@id\":\"https:\\\/\\\/unionprofesionaldegalicia.org\\\/#organization\"},\"potentialAction\":[{\"@type\":\"SearchAction\",\"target\":{\"@type\":\"EntryPoint\",\"urlTemplate\":\"https:\\\/\\\/unionprofesionaldegalicia.org\\\/?s={search_term_string}\"},\"query-input\":{\"@type\":\"PropertyValueSpecification\",\"valueRequired\":true,\"valueName\":\"search_term_string\"}}],\"inLanguage\":\"gl-ES\"},{\"@type\":\"Organization\",\"@id\":\"https:\\\/\\\/unionprofesionaldegalicia.org\\\/#organization\",\"name\":\"Uni\u00f3n Profesional de Galicia\",\"url\":\"https:\\\/\\\/unionprofesionaldegalicia.org\\\/\",\"logo\":{\"@type\":\"ImageObject\",\"inLanguage\":\"gl-ES\",\"@id\":\"https:\\\/\\\/unionprofesionaldegalicia.org\\\/#\\\/schema\\\/logo\\\/image\\\/\",\"url\":\"https:\\\/\\\/unionprofesionaldegalicia.org\\\/wp-content\\\/uploads\\\/2024\\\/12\\\/Logo-Union-Profesional.jpg\",\"contentUrl\":\"https:\\\/\\\/unionprofesionaldegalicia.org\\\/wp-content\\\/uploads\\\/2024\\\/12\\\/Logo-Union-Profesional.jpg\",\"width\":200,\"height\":71,\"caption\":\"Uni\u00f3n Profesional de Galicia\"},\"image\":{\"@id\":\"https:\\\/\\\/unionprofesionaldegalicia.org\\\/#\\\/schema\\\/logo\\\/image\\\/\"}},{\"@type\":\"Person\",\"@id\":\"https:\\\/\\\/unionprofesionaldegalicia.org\\\/#\\\/schema\\\/person\\\/1f5f151f1b6733621ffef1586f99d1e0\",\"name\":\"Miguel Fern\u00e1ndez Castro\",\"image\":{\"@type\":\"ImageObject\",\"inLanguage\":\"gl-ES\",\"@id\":\"https:\\\/\\\/secure.gravatar.com\\\/avatar\\\/56b998da338d19949582cc65096ee27ca386ba244f98bd3a6912608ca1f77a9a?s=96&d=mm&r=g\",\"url\":\"https:\\\/\\\/secure.gravatar.com\\\/avatar\\\/56b998da338d19949582cc65096ee27ca386ba244f98bd3a6912608ca1f77a9a?s=96&d=mm&r=g\",\"contentUrl\":\"https:\\\/\\\/secure.gravatar.com\\\/avatar\\\/56b998da338d19949582cc65096ee27ca386ba244f98bd3a6912608ca1f77a9a?s=96&d=mm&r=g\",\"caption\":\"Miguel Fern\u00e1ndez Castro\"},\"sameAs\":[\"https:\\\/\\\/gestudiosmultimedia.com\"],\"url\":\"https:\\\/\\\/unionprofesionaldegalicia.org\\\/gl\\\/author\\\/miguelgestudiosmultimedia-com\\\/\"}]}<\/script>\n<!-- \/ Yoast SEO plugin. -->","yoast_head_json":{"title":"Agenda Territorial: Integraci\u00f3n Urbana y Rural","description":"Descubre c\u00f3mo la jornada \u201cHacia una Agenda Territorial de Galicia\u201d impulsa la integraci\u00f3n y el desarrollo sostenible en entornos urbanos y rurales.","robots":{"index":"index","follow":"follow","max-snippet":"max-snippet:-1","max-image-preview":"max-image-preview:large","max-video-preview":"max-video-preview:-1"},"canonical":"https:\/\/unionprofesionaldegalicia.org\/gl\/agenda-territorial-integracion-urbana-rural\/","og_locale":"gl_ES","og_type":"article","og_title":"Agenda Territorial: Integraci\u00f3n Urbana y Rural","og_description":"Descubre c\u00f3mo la jornada \u201cHacia una Agenda Territorial de Galicia\u201d impulsa la integraci\u00f3n y el desarrollo sostenible en entornos urbanos y rurales.","og_url":"https:\/\/unionprofesionaldegalicia.org\/gl\/agenda-territorial-integracion-urbana-rural\/","og_site_name":"Uni\u00f3n Profesional de Galicia","article_published_time":"2025-03-18T11:01:30+00:00","article_modified_time":"2025-04-16T08:12:41+00:00","og_image":[{"width":1280,"height":720,"url":"https:\/\/unionprofesionaldegalicia.org\/wp-content\/uploads\/2025\/03\/Hacia-una-Agenda-TerritoriaL.jpg","type":"image\/jpeg"}],"author":"Miguel Fern\u00e1ndez Castro","twitter_card":"summary_large_image","twitter_misc":{"Escrito por":"Miguel Fern\u00e1ndez Castro","Tempo de lectura":"2 minutos"},"schema":{"@context":"https:\/\/schema.org","@graph":[{"@type":"Article","@id":"https:\/\/unionprofesionaldegalicia.org\/agenda-territorial-integracion-urbana-rural\/#article","isPartOf":{"@id":"https:\/\/unionprofesionaldegalicia.org\/agenda-territorial-integracion-urbana-rural\/"},"author":{"name":"Miguel Fern\u00e1ndez Castro","@id":"https:\/\/unionprofesionaldegalicia.org\/#\/schema\/person\/1f5f151f1b6733621ffef1586f99d1e0"},"headline":"Agenda Territorial: Integraci\u00f3n Urbana y Rural","datePublished":"2025-03-18T11:01:30+00:00","dateModified":"2025-04-16T08:12:41+00:00","mainEntityOfPage":{"@id":"https:\/\/unionprofesionaldegalicia.org\/agenda-territorial-integracion-urbana-rural\/"},"wordCount":443,"publisher":{"@id":"https:\/\/unionprofesionaldegalicia.org\/#organization"},"image":{"@id":"https:\/\/unionprofesionaldegalicia.org\/agenda-territorial-integracion-urbana-rural\/#primaryimage"},"thumbnailUrl":"https:\/\/unionprofesionaldegalicia.org\/wp-content\/uploads\/2025\/03\/Hacia-una-Agenda-TerritoriaL.jpg","keywords":["Compromiso social","Eventos UPG","Excelencia profesional","Innovaci\u00f3n tecnol\u00f3gica","Simposium 2025","Uni\u00f3n Profesional de Galicia"],"articleSection":["Noticias Uni\u00f3n Profesional de Galicia"],"inLanguage":"gl-ES"},{"@type":"WebPage","@id":"https:\/\/unionprofesionaldegalicia.org\/agenda-territorial-integracion-urbana-rural\/","url":"https:\/\/unionprofesionaldegalicia.org\/agenda-territorial-integracion-urbana-rural\/","name":"Agenda Territorial: Integraci\u00f3n Urbana y Rural","isPartOf":{"@id":"https:\/\/unionprofesionaldegalicia.org\/#website"},"primaryImageOfPage":{"@id":"https:\/\/unionprofesionaldegalicia.org\/agenda-territorial-integracion-urbana-rural\/#primaryimage"},"image":{"@id":"https:\/\/unionprofesionaldegalicia.org\/agenda-territorial-integracion-urbana-rural\/#primaryimage"},"thumbnailUrl":"https:\/\/unionprofesionaldegalicia.org\/wp-content\/uploads\/2025\/03\/Hacia-una-Agenda-TerritoriaL.jpg","datePublished":"2025-03-18T11:01:30+00:00","dateModified":"2025-04-16T08:12:41+00:00","description":"Descubre c\u00f3mo la jornada \u201cHacia una Agenda Territorial de Galicia\u201d impulsa la integraci\u00f3n y el desarrollo sostenible en entornos urbanos y rurales.","breadcrumb":{"@id":"https:\/\/unionprofesionaldegalicia.org\/agenda-territorial-integracion-urbana-rural\/#breadcrumb"},"inLanguage":"gl-ES","potentialAction":[{"@type":"ReadAction","target":["https:\/\/unionprofesionaldegalicia.org\/agenda-territorial-integracion-urbana-rural\/"]}]},{"@type":"ImageObject","inLanguage":"gl-ES","@id":"https:\/\/unionprofesionaldegalicia.org\/agenda-territorial-integracion-urbana-rural\/#primaryimage","url":"https:\/\/unionprofesionaldegalicia.org\/wp-content\/uploads\/2025\/03\/Hacia-una-Agenda-TerritoriaL.jpg","contentUrl":"https:\/\/unionprofesionaldegalicia.org\/wp-content\/uploads\/2025\/03\/Hacia-una-Agenda-TerritoriaL.jpg","width":1280,"height":720},{"@type":"BreadcrumbList","@id":"https:\/\/unionprofesionaldegalicia.org\/agenda-territorial-integracion-urbana-rural\/#breadcrumb","itemListElement":[{"@type":"ListItem","position":1,"name":"Portada","item":"https:\/\/unionprofesionaldegalicia.org\/"},{"@type":"ListItem","position":2,"name":"Agenda Territorial: Integraci\u00f3n Urbana y Rural"}]},{"@type":"WebSite","@id":"https:\/\/unionprofesionaldegalicia.org\/#website","url":"https:\/\/unionprofesionaldegalicia.org\/","name":"Uni\u00f3n Profesional de Galicia","description":"La Uni\u00f3n Profesional de Galicia es la entidad que agrupa a 44 colegios profesionales y act\u00faa como nexo entre ellos y la Administraci\u00f3n para impulsar iniciativas que fortalecen el ejercicio profesional y mejoran la actividad judicial.","publisher":{"@id":"https:\/\/unionprofesionaldegalicia.org\/#organization"},"potentialAction":[{"@type":"SearchAction","target":{"@type":"EntryPoint","urlTemplate":"https:\/\/unionprofesionaldegalicia.org\/?s={search_term_string}"},"query-input":{"@type":"PropertyValueSpecification","valueRequired":true,"valueName":"search_term_string"}}],"inLanguage":"gl-ES"},{"@type":"Organization","@id":"https:\/\/unionprofesionaldegalicia.org\/#organization","name":"Uni\u00f3n Profesional de Galicia","url":"https:\/\/unionprofesionaldegalicia.org\/","logo":{"@type":"ImageObject","inLanguage":"gl-ES","@id":"https:\/\/unionprofesionaldegalicia.org\/#\/schema\/logo\/image\/","url":"https:\/\/unionprofesionaldegalicia.org\/wp-content\/uploads\/2024\/12\/Logo-Union-Profesional.jpg","contentUrl":"https:\/\/unionprofesionaldegalicia.org\/wp-content\/uploads\/2024\/12\/Logo-Union-Profesional.jpg","width":200,"height":71,"caption":"Uni\u00f3n Profesional de Galicia"},"image":{"@id":"https:\/\/unionprofesionaldegalicia.org\/#\/schema\/logo\/image\/"}},{"@type":"Person","@id":"https:\/\/unionprofesionaldegalicia.org\/#\/schema\/person\/1f5f151f1b6733621ffef1586f99d1e0","name":"Miguel Fern\u00e1ndez Castro","image":{"@type":"ImageObject","inLanguage":"gl-ES","@id":"https:\/\/secure.gravatar.com\/avatar\/56b998da338d19949582cc65096ee27ca386ba244f98bd3a6912608ca1f77a9a?s=96&d=mm&r=g","url":"https:\/\/secure.gravatar.com\/avatar\/56b998da338d19949582cc65096ee27ca386ba244f98bd3a6912608ca1f77a9a?s=96&d=mm&r=g","contentUrl":"https:\/\/secure.gravatar.com\/avatar\/56b998da338d19949582cc65096ee27ca386ba244f98bd3a6912608ca1f77a9a?s=96&d=mm&r=g","caption":"Miguel Fern\u00e1ndez Castro"},"sameAs":["https:\/\/gestudiosmultimedia.com"],"url":"https:\/\/unionprofesionaldegalicia.org\/gl\/author\/miguelgestudiosmultimedia-com\/"}]}},"_links":{"self":[{"href":"https:\/\/unionprofesionaldegalicia.org\/gl\/wp-json\/wp\/v2\/posts\/935","targetHints":{"allow":["GET"]}}],"collection":[{"href":"https:\/\/unionprofesionaldegalicia.org\/gl\/wp-json\/wp\/v2\/posts"}],"about":[{"href":"https:\/\/unionprofesionaldegalicia.org\/gl\/wp-json\/wp\/v2\/types\/post"}],"author":[{"embeddable":true,"href":"https:\/\/unionprofesionaldegalicia.org\/gl\/wp-json\/wp\/v2\/users\/2"}],"replies":[{"embeddable":true,"href":"https:\/\/unionprofesionaldegalicia.org\/gl\/wp-json\/wp\/v2\/comments?post=935"}],"version-history":[{"count":4,"href":"https:\/\/unionprofesionaldegalicia.org\/gl\/wp-json\/wp\/v2\/posts\/935\/revisions"}],"predecessor-version":[{"id":940,"href":"https:\/\/unionprofesionaldegalicia.org\/gl\/wp-json\/wp\/v2\/posts\/935\/revisions\/940"}],"wp:featuredmedia":[{"embeddable":true,"href":"https:\/\/unionprofesionaldegalicia.org\/gl\/wp-json\/wp\/v2\/media\/936"}],"wp:attachment":[{"href":"https:\/\/unionprofesionaldegalicia.org\/gl\/wp-json\/wp\/v2\/media?parent=935"}],"wp:term":[{"taxonomy":"category","embeddable":true,"href":"https:\/\/unionprofesionaldegalicia.org\/gl\/wp-json\/wp\/v2\/categories?post=935"},{"taxonomy":"post_tag","embeddable":true,"href":"https:\/\/unionprofesionaldegalicia.org\/gl\/wp-json\/wp\/v2\/tags?post=935"}],"curies":[{"name":"wp","href":"https:\/\/api.w.org\/{rel}","templated":true}]}}