{"id":928,"date":"2025-03-10T12:55:06","date_gmt":"2025-03-10T10:55:06","guid":{"rendered":"https:\/\/unionprofesionaldegalicia.org\/?p=928"},"modified":"2025-04-16T10:12:57","modified_gmt":"2025-04-16T08:12:57","slug":"detectores-humo-residentes-vulnerables","status":"publish","type":"post","link":"https:\/\/unionprofesionaldegalicia.org\/gl\/detectores-humo-residentes-vulnerables\/","title":{"rendered":"Detectores de Humo para Residentes Vulnerables"},"content":{"rendered":"\n[et_pb_section fb_built=\u00bb1&#8243; _builder_version=\u00bb4.27.4&#8243; _module_preset=\u00bbdefault\u00bb global_colors_info=\u00bb{}\u00bb][et_pb_row _builder_version=\u00bb4.27.4&#8243; _module_preset=\u00bbdefault\u00bb global_colors_info=\u00bb{}\u00bb][et_pb_column type=\u00bb4_4&#8243; _builder_version=\u00bb4.27.4&#8243; _module_preset=\u00bbdefault\u00bb global_colors_info=\u00bb{}\u00bb][et_pb_image src=\u00bbhttps:\/\/unionprofesionaldegalicia.org\/wp-content\/uploads\/2025\/03\/Detectopres-de-humo-mapfre.jpg\u00bb title_text=\u00bbDetectopres de humo mapfre\u00bb _builder_version=\u00bb4.27.4&#8243; _module_preset=\u00bbdefault\u00bb hover_enabled=\u00bb0&#8243; global_colors_info=\u00bb{}\u00bb sticky_enabled=\u00bb0&#8243;][\/et_pb_image][\/et_pb_column][\/et_pb_row][et_pb_row _builder_version=\u00bb4.27.4&#8243; _module_preset=\u00bbdefault\u00bb global_colors_info=\u00bb{}\u00bb][et_pb_column type=\u00bb4_4&#8243; _builder_version=\u00bb4.27.4&#8243; _module_preset=\u00bbdefault\u00bb global_colors_info=\u00bb{}\u00bb][et_pb_text _builder_version=\u00bb4.27.4&#8243; _module_preset=\u00bbdefault\u00bb hover_enabled=\u00bb0&#8243; global_colors_info=\u00bb{}\u00bb sticky_enabled=\u00bb0&#8243;]<h1><strong>Detectores de Humo para Residentes Vulnerables<\/strong><\/h1>[\/et_pb_text][et_pb_text _builder_version=\u00bb4.27.4&#8243; _module_preset=\u00bbdefault\u00bb hover_enabled=\u00bb0&#8243; global_colors_info=\u00bb{}\u00bb sticky_enabled=\u00bb0&#8243;]<p data-start=\"705\" data-end=\"1213\">En un esfuerzo por reforzar la seguridad y prevenir incendios, la presidenta del <a data-start=\"653\" data-end=\"829\" rel=\"noopener\" target=\"_new\" href=\"https:\/\/www.coafga.org\/es\/noticias\/los-administradores-de-fincas-colegiados-distribuiran-detectores-de-humo-entre-los\">Colegio Oficial de Administradores de Fincas de Galicia<\/a>, Teresa Su\u00e1rez Agrasar, anunci\u00f3 la distribuci\u00f3n de detectores de humo entre residentes vulnerables. Junto con el director de la Fundaci\u00f3n Mapfre, Julio Domingo Souto, y el director de la <a data-start=\"1017\" data-end=\"1203\" rel=\"noopener\" target=\"_new\" href=\"https:\/\/www.coafga.org\/es\/noticias\/los-administradores-de-fincas-colegiados-distribuiran-detectores-de-humo-entre-los\">Asociaci\u00f3n Profesional de T\u00e9cnicos de Bomberos de A Coru\u00f1a (APTB)<\/a>, esta iniciativa surge de un convenio firmado en mayo.<br data-start=\"1258\" data-end=\"1261\" \/>Los Administradores de Fincas integrados en el COAFGA ser\u00e1n los encargados de repartir los dispositivos y el material informativo sobre medidas de prevenci\u00f3n de incendios. La acci\u00f3n, que comienza con una primera remesa de 400 detectores, se ampliar\u00e1 conforme se detecten mayores necesidades. Esta medida forma parte de un plan estrat\u00e9gico para informar y educar a la ciudadan\u00eda sobre la importancia de la prevenci\u00f3n en situaciones de riesgo, contribuyendo as\u00ed a evitar posibles tragedias por fuego. La colaboraci\u00f3n entre las instituciones y la coordinaci\u00f3n de acciones preventivas refuerzan el compromiso de nuestros colegios profesionales para mejorar la seguridad y bienestar de la comunidad.<\/p>[\/et_pb_text][et_pb_button button_url=\u00bbhttps:\/\/www.coafga.org\/es\/noticias\/los-administradores-de-fincas-colegiados-distribuiran-detectores-de-humo-entre-los\u00bb url_new_window=\u00bbon\u00bb button_text=\u00bbAccede a la noticia completa\u00bb button_alignment=\u00bbcenter\u00bb _builder_version=\u00bb4.27.4&#8243; _module_preset=\u00bbdefault\u00bb hover_enabled=\u00bb0&#8243; global_colors_info=\u00bb{}\u00bb sticky_enabled=\u00bb0&#8243;][\/et_pb_button][\/et_pb_column][\/et_pb_row][et_pb_row _builder_version=\u00bb4.27.4&#8243; _module_preset=\u00bbdefault\u00bb global_colors_info=\u00bb{}\u00bb][et_pb_column type=\u00bb4_4&#8243; _builder_version=\u00bb4.27.4&#8243; _module_preset=\u00bbdefault\u00bb global_colors_info=\u00bb{}\u00bb][et_pb_divider _builder_version=\u00bb4.27.4&#8243; _module_preset=\u00bbdefault\u00bb global_colors_info=\u00bb{}\u00bb][\/et_pb_divider][\/et_pb_column][\/et_pb_row][\/et_pb_section]\n","protected":false},"excerpt":{"rendered":"<p>Conoce c\u00f3mo los administradores de fincas, junto a entidades colaboradoras, distribuyen detectores de humo para prevenir incendios y salvar vidas.<\/p>","protected":false},"author":2,"featured_media":931,"comment_status":"closed","ping_status":"open","sticky":false,"template":"","format":"standard","meta":{"_et_pb_use_builder":"on","_et_pb_old_content":"","_et_gb_content_width":"","footnotes":""},"categories":[41],"tags":[16,17,18,15,14,19],"class_list":["post-928","post","type-post","status-publish","format-standard","has-post-thumbnail","hentry","category-noticias-union-profesional-de-galicia","tag-compromiso-social","tag-eventos-upg","tag-excelencia-profesional","tag-innovacion-tecnologica","tag-simposium-2025","tag-union-profesional-de-galicia"],"yoast_head":"<!-- This site is optimized with the Yoast SEO plugin v27.4 - https:\/\/yoast.com\/product\/yoast-seo-wordpress\/ -->\n<title>Prevenir incendios y proteger a la comunidad vulnerable.<\/title>\n<meta name=\"description\" content=\"Conoce c\u00f3mo los administradores de fincas, junto a entidades colaboradoras, distribuyen detectores de humo para prevenir incendios y salvar vidas.\" \/>\n<meta name=\"robots\" content=\"index, follow, max-snippet:-1, max-image-preview:large, max-video-preview:-1\" \/>\n<link rel=\"canonical\" href=\"https:\/\/unionprofesionaldegalicia.org\/gl\/detectores-humo-residentes-vulnerables\/\" \/>\n<meta property=\"og:locale\" content=\"gl_ES\" \/>\n<meta property=\"og:type\" content=\"article\" \/>\n<meta property=\"og:title\" content=\"Prevenir incendios y proteger a la comunidad vulnerable.\" \/>\n<meta property=\"og:description\" content=\"Conoce c\u00f3mo los administradores de fincas, junto a entidades colaboradoras, distribuyen detectores de humo para prevenir incendios y salvar vidas.\" \/>\n<meta property=\"og:url\" content=\"https:\/\/unionprofesionaldegalicia.org\/gl\/detectores-humo-residentes-vulnerables\/\" \/>\n<meta property=\"og:site_name\" content=\"Uni\u00f3n Profesional de Galicia\" \/>\n<meta property=\"article:published_time\" content=\"2025-03-10T10:55:06+00:00\" \/>\n<meta property=\"article:modified_time\" content=\"2025-04-16T08:12:57+00:00\" \/>\n<meta property=\"og:image\" content=\"https:\/\/unionprofesionaldegalicia.org\/wp-content\/uploads\/2025\/03\/Detector-de-humo.jpg\" \/>\n\t<meta property=\"og:image:width\" content=\"1280\" \/>\n\t<meta property=\"og:image:height\" content=\"720\" \/>\n\t<meta property=\"og:image:type\" content=\"image\/jpeg\" \/>\n<meta name=\"author\" content=\"Miguel Fern\u00e1ndez Castro\" \/>\n<meta name=\"twitter:card\" content=\"summary_large_image\" \/>\n<meta name=\"twitter:label1\" content=\"Escrito por\" \/>\n\t<meta name=\"twitter:data1\" content=\"Miguel Fern\u00e1ndez Castro\" \/>\n\t<meta name=\"twitter:label2\" content=\"Tempo de lectura\" \/>\n\t<meta name=\"twitter:data2\" content=\"2 minutos\" \/>\n<script type=\"application\/ld+json\" class=\"yoast-schema-graph\">{\"@context\":\"https:\\\/\\\/schema.org\",\"@graph\":[{\"@type\":\"Article\",\"@id\":\"https:\\\/\\\/unionprofesionaldegalicia.org\\\/detectores-humo-residentes-vulnerables\\\/#article\",\"isPartOf\":{\"@id\":\"https:\\\/\\\/unionprofesionaldegalicia.org\\\/detectores-humo-residentes-vulnerables\\\/\"},\"author\":{\"name\":\"Miguel Fern\u00e1ndez Castro\",\"@id\":\"https:\\\/\\\/unionprofesionaldegalicia.org\\\/#\\\/schema\\\/person\\\/1f5f151f1b6733621ffef1586f99d1e0\"},\"headline\":\"Detectores de Humo para Residentes Vulnerables\",\"datePublished\":\"2025-03-10T10:55:06+00:00\",\"dateModified\":\"2025-04-16T08:12:57+00:00\",\"mainEntityOfPage\":{\"@id\":\"https:\\\/\\\/unionprofesionaldegalicia.org\\\/detectores-humo-residentes-vulnerables\\\/\"},\"wordCount\":423,\"publisher\":{\"@id\":\"https:\\\/\\\/unionprofesionaldegalicia.org\\\/#organization\"},\"image\":{\"@id\":\"https:\\\/\\\/unionprofesionaldegalicia.org\\\/detectores-humo-residentes-vulnerables\\\/#primaryimage\"},\"thumbnailUrl\":\"https:\\\/\\\/unionprofesionaldegalicia.org\\\/wp-content\\\/uploads\\\/2025\\\/03\\\/Detector-de-humo.jpg\",\"keywords\":[\"Compromiso social\",\"Eventos UPG\",\"Excelencia profesional\",\"Innovaci\u00f3n tecnol\u00f3gica\",\"Simposium 2025\",\"Uni\u00f3n Profesional de Galicia\"],\"articleSection\":[\"Noticias Uni\u00f3n Profesional de Galicia\"],\"inLanguage\":\"gl-ES\"},{\"@type\":\"WebPage\",\"@id\":\"https:\\\/\\\/unionprofesionaldegalicia.org\\\/detectores-humo-residentes-vulnerables\\\/\",\"url\":\"https:\\\/\\\/unionprofesionaldegalicia.org\\\/detectores-humo-residentes-vulnerables\\\/\",\"name\":\"Prevenir incendios y proteger a la comunidad vulnerable.\",\"isPartOf\":{\"@id\":\"https:\\\/\\\/unionprofesionaldegalicia.org\\\/#website\"},\"primaryImageOfPage\":{\"@id\":\"https:\\\/\\\/unionprofesionaldegalicia.org\\\/detectores-humo-residentes-vulnerables\\\/#primaryimage\"},\"image\":{\"@id\":\"https:\\\/\\\/unionprofesionaldegalicia.org\\\/detectores-humo-residentes-vulnerables\\\/#primaryimage\"},\"thumbnailUrl\":\"https:\\\/\\\/unionprofesionaldegalicia.org\\\/wp-content\\\/uploads\\\/2025\\\/03\\\/Detector-de-humo.jpg\",\"datePublished\":\"2025-03-10T10:55:06+00:00\",\"dateModified\":\"2025-04-16T08:12:57+00:00\",\"description\":\"Conoce c\u00f3mo los administradores de fincas, junto a entidades colaboradoras, distribuyen detectores de humo para prevenir incendios y salvar vidas.\",\"breadcrumb\":{\"@id\":\"https:\\\/\\\/unionprofesionaldegalicia.org\\\/detectores-humo-residentes-vulnerables\\\/#breadcrumb\"},\"inLanguage\":\"gl-ES\",\"potentialAction\":[{\"@type\":\"ReadAction\",\"target\":[\"https:\\\/\\\/unionprofesionaldegalicia.org\\\/detectores-humo-residentes-vulnerables\\\/\"]}]},{\"@type\":\"ImageObject\",\"inLanguage\":\"gl-ES\",\"@id\":\"https:\\\/\\\/unionprofesionaldegalicia.org\\\/detectores-humo-residentes-vulnerables\\\/#primaryimage\",\"url\":\"https:\\\/\\\/unionprofesionaldegalicia.org\\\/wp-content\\\/uploads\\\/2025\\\/03\\\/Detector-de-humo.jpg\",\"contentUrl\":\"https:\\\/\\\/unionprofesionaldegalicia.org\\\/wp-content\\\/uploads\\\/2025\\\/03\\\/Detector-de-humo.jpg\",\"width\":1280,\"height\":720},{\"@type\":\"BreadcrumbList\",\"@id\":\"https:\\\/\\\/unionprofesionaldegalicia.org\\\/detectores-humo-residentes-vulnerables\\\/#breadcrumb\",\"itemListElement\":[{\"@type\":\"ListItem\",\"position\":1,\"name\":\"Portada\",\"item\":\"https:\\\/\\\/unionprofesionaldegalicia.org\\\/\"},{\"@type\":\"ListItem\",\"position\":2,\"name\":\"Detectores de Humo para Residentes Vulnerables\"}]},{\"@type\":\"WebSite\",\"@id\":\"https:\\\/\\\/unionprofesionaldegalicia.org\\\/#website\",\"url\":\"https:\\\/\\\/unionprofesionaldegalicia.org\\\/\",\"name\":\"Uni\u00f3n Profesional de Galicia\",\"description\":\"La Uni\u00f3n Profesional de Galicia es la entidad que agrupa a 44 colegios profesionales y act\u00faa como nexo entre ellos y la Administraci\u00f3n para impulsar iniciativas que fortalecen el ejercicio profesional y mejoran la actividad judicial.\",\"publisher\":{\"@id\":\"https:\\\/\\\/unionprofesionaldegalicia.org\\\/#organization\"},\"potentialAction\":[{\"@type\":\"SearchAction\",\"target\":{\"@type\":\"EntryPoint\",\"urlTemplate\":\"https:\\\/\\\/unionprofesionaldegalicia.org\\\/?s={search_term_string}\"},\"query-input\":{\"@type\":\"PropertyValueSpecification\",\"valueRequired\":true,\"valueName\":\"search_term_string\"}}],\"inLanguage\":\"gl-ES\"},{\"@type\":\"Organization\",\"@id\":\"https:\\\/\\\/unionprofesionaldegalicia.org\\\/#organization\",\"name\":\"Uni\u00f3n Profesional de Galicia\",\"url\":\"https:\\\/\\\/unionprofesionaldegalicia.org\\\/\",\"logo\":{\"@type\":\"ImageObject\",\"inLanguage\":\"gl-ES\",\"@id\":\"https:\\\/\\\/unionprofesionaldegalicia.org\\\/#\\\/schema\\\/logo\\\/image\\\/\",\"url\":\"https:\\\/\\\/unionprofesionaldegalicia.org\\\/wp-content\\\/uploads\\\/2024\\\/12\\\/Logo-Union-Profesional.jpg\",\"contentUrl\":\"https:\\\/\\\/unionprofesionaldegalicia.org\\\/wp-content\\\/uploads\\\/2024\\\/12\\\/Logo-Union-Profesional.jpg\",\"width\":200,\"height\":71,\"caption\":\"Uni\u00f3n Profesional de Galicia\"},\"image\":{\"@id\":\"https:\\\/\\\/unionprofesionaldegalicia.org\\\/#\\\/schema\\\/logo\\\/image\\\/\"}},{\"@type\":\"Person\",\"@id\":\"https:\\\/\\\/unionprofesionaldegalicia.org\\\/#\\\/schema\\\/person\\\/1f5f151f1b6733621ffef1586f99d1e0\",\"name\":\"Miguel Fern\u00e1ndez Castro\",\"image\":{\"@type\":\"ImageObject\",\"inLanguage\":\"gl-ES\",\"@id\":\"https:\\\/\\\/secure.gravatar.com\\\/avatar\\\/56b998da338d19949582cc65096ee27ca386ba244f98bd3a6912608ca1f77a9a?s=96&d=mm&r=g\",\"url\":\"https:\\\/\\\/secure.gravatar.com\\\/avatar\\\/56b998da338d19949582cc65096ee27ca386ba244f98bd3a6912608ca1f77a9a?s=96&d=mm&r=g\",\"contentUrl\":\"https:\\\/\\\/secure.gravatar.com\\\/avatar\\\/56b998da338d19949582cc65096ee27ca386ba244f98bd3a6912608ca1f77a9a?s=96&d=mm&r=g\",\"caption\":\"Miguel Fern\u00e1ndez Castro\"},\"sameAs\":[\"https:\\\/\\\/gestudiosmultimedia.com\"],\"url\":\"https:\\\/\\\/unionprofesionaldegalicia.org\\\/gl\\\/author\\\/miguelgestudiosmultimedia-com\\\/\"}]}<\/script>\n<!-- \/ Yoast SEO plugin. -->","yoast_head_json":{"title":"Prevenir incendios y proteger a la comunidad vulnerable.","description":"Conoce c\u00f3mo los administradores de fincas, junto a entidades colaboradoras, distribuyen detectores de humo para prevenir incendios y salvar vidas.","robots":{"index":"index","follow":"follow","max-snippet":"max-snippet:-1","max-image-preview":"max-image-preview:large","max-video-preview":"max-video-preview:-1"},"canonical":"https:\/\/unionprofesionaldegalicia.org\/gl\/detectores-humo-residentes-vulnerables\/","og_locale":"gl_ES","og_type":"article","og_title":"Prevenir incendios y proteger a la comunidad vulnerable.","og_description":"Conoce c\u00f3mo los administradores de fincas, junto a entidades colaboradoras, distribuyen detectores de humo para prevenir incendios y salvar vidas.","og_url":"https:\/\/unionprofesionaldegalicia.org\/gl\/detectores-humo-residentes-vulnerables\/","og_site_name":"Uni\u00f3n Profesional de Galicia","article_published_time":"2025-03-10T10:55:06+00:00","article_modified_time":"2025-04-16T08:12:57+00:00","og_image":[{"width":1280,"height":720,"url":"https:\/\/unionprofesionaldegalicia.org\/wp-content\/uploads\/2025\/03\/Detector-de-humo.jpg","type":"image\/jpeg"}],"author":"Miguel Fern\u00e1ndez Castro","twitter_card":"summary_large_image","twitter_misc":{"Escrito por":"Miguel Fern\u00e1ndez Castro","Tempo de lectura":"2 minutos"},"schema":{"@context":"https:\/\/schema.org","@graph":[{"@type":"Article","@id":"https:\/\/unionprofesionaldegalicia.org\/detectores-humo-residentes-vulnerables\/#article","isPartOf":{"@id":"https:\/\/unionprofesionaldegalicia.org\/detectores-humo-residentes-vulnerables\/"},"author":{"name":"Miguel Fern\u00e1ndez Castro","@id":"https:\/\/unionprofesionaldegalicia.org\/#\/schema\/person\/1f5f151f1b6733621ffef1586f99d1e0"},"headline":"Detectores de Humo para Residentes Vulnerables","datePublished":"2025-03-10T10:55:06+00:00","dateModified":"2025-04-16T08:12:57+00:00","mainEntityOfPage":{"@id":"https:\/\/unionprofesionaldegalicia.org\/detectores-humo-residentes-vulnerables\/"},"wordCount":423,"publisher":{"@id":"https:\/\/unionprofesionaldegalicia.org\/#organization"},"image":{"@id":"https:\/\/unionprofesionaldegalicia.org\/detectores-humo-residentes-vulnerables\/#primaryimage"},"thumbnailUrl":"https:\/\/unionprofesionaldegalicia.org\/wp-content\/uploads\/2025\/03\/Detector-de-humo.jpg","keywords":["Compromiso social","Eventos UPG","Excelencia profesional","Innovaci\u00f3n tecnol\u00f3gica","Simposium 2025","Uni\u00f3n Profesional de Galicia"],"articleSection":["Noticias Uni\u00f3n Profesional de Galicia"],"inLanguage":"gl-ES"},{"@type":"WebPage","@id":"https:\/\/unionprofesionaldegalicia.org\/detectores-humo-residentes-vulnerables\/","url":"https:\/\/unionprofesionaldegalicia.org\/detectores-humo-residentes-vulnerables\/","name":"Prevenir incendios y proteger a la comunidad vulnerable.","isPartOf":{"@id":"https:\/\/unionprofesionaldegalicia.org\/#website"},"primaryImageOfPage":{"@id":"https:\/\/unionprofesionaldegalicia.org\/detectores-humo-residentes-vulnerables\/#primaryimage"},"image":{"@id":"https:\/\/unionprofesionaldegalicia.org\/detectores-humo-residentes-vulnerables\/#primaryimage"},"thumbnailUrl":"https:\/\/unionprofesionaldegalicia.org\/wp-content\/uploads\/2025\/03\/Detector-de-humo.jpg","datePublished":"2025-03-10T10:55:06+00:00","dateModified":"2025-04-16T08:12:57+00:00","description":"Conoce c\u00f3mo los administradores de fincas, junto a entidades colaboradoras, distribuyen detectores de humo para prevenir incendios y salvar vidas.","breadcrumb":{"@id":"https:\/\/unionprofesionaldegalicia.org\/detectores-humo-residentes-vulnerables\/#breadcrumb"},"inLanguage":"gl-ES","potentialAction":[{"@type":"ReadAction","target":["https:\/\/unionprofesionaldegalicia.org\/detectores-humo-residentes-vulnerables\/"]}]},{"@type":"ImageObject","inLanguage":"gl-ES","@id":"https:\/\/unionprofesionaldegalicia.org\/detectores-humo-residentes-vulnerables\/#primaryimage","url":"https:\/\/unionprofesionaldegalicia.org\/wp-content\/uploads\/2025\/03\/Detector-de-humo.jpg","contentUrl":"https:\/\/unionprofesionaldegalicia.org\/wp-content\/uploads\/2025\/03\/Detector-de-humo.jpg","width":1280,"height":720},{"@type":"BreadcrumbList","@id":"https:\/\/unionprofesionaldegalicia.org\/detectores-humo-residentes-vulnerables\/#breadcrumb","itemListElement":[{"@type":"ListItem","position":1,"name":"Portada","item":"https:\/\/unionprofesionaldegalicia.org\/"},{"@type":"ListItem","position":2,"name":"Detectores de Humo para Residentes Vulnerables"}]},{"@type":"WebSite","@id":"https:\/\/unionprofesionaldegalicia.org\/#website","url":"https:\/\/unionprofesionaldegalicia.org\/","name":"Uni\u00f3n Profesional de Galicia","description":"La Uni\u00f3n Profesional de Galicia es la entidad que agrupa a 44 colegios profesionales y act\u00faa como nexo entre ellos y la Administraci\u00f3n para impulsar iniciativas que fortalecen el ejercicio profesional y mejoran la actividad judicial.","publisher":{"@id":"https:\/\/unionprofesionaldegalicia.org\/#organization"},"potentialAction":[{"@type":"SearchAction","target":{"@type":"EntryPoint","urlTemplate":"https:\/\/unionprofesionaldegalicia.org\/?s={search_term_string}"},"query-input":{"@type":"PropertyValueSpecification","valueRequired":true,"valueName":"search_term_string"}}],"inLanguage":"gl-ES"},{"@type":"Organization","@id":"https:\/\/unionprofesionaldegalicia.org\/#organization","name":"Uni\u00f3n Profesional de Galicia","url":"https:\/\/unionprofesionaldegalicia.org\/","logo":{"@type":"ImageObject","inLanguage":"gl-ES","@id":"https:\/\/unionprofesionaldegalicia.org\/#\/schema\/logo\/image\/","url":"https:\/\/unionprofesionaldegalicia.org\/wp-content\/uploads\/2024\/12\/Logo-Union-Profesional.jpg","contentUrl":"https:\/\/unionprofesionaldegalicia.org\/wp-content\/uploads\/2024\/12\/Logo-Union-Profesional.jpg","width":200,"height":71,"caption":"Uni\u00f3n Profesional de Galicia"},"image":{"@id":"https:\/\/unionprofesionaldegalicia.org\/#\/schema\/logo\/image\/"}},{"@type":"Person","@id":"https:\/\/unionprofesionaldegalicia.org\/#\/schema\/person\/1f5f151f1b6733621ffef1586f99d1e0","name":"Miguel Fern\u00e1ndez Castro","image":{"@type":"ImageObject","inLanguage":"gl-ES","@id":"https:\/\/secure.gravatar.com\/avatar\/56b998da338d19949582cc65096ee27ca386ba244f98bd3a6912608ca1f77a9a?s=96&d=mm&r=g","url":"https:\/\/secure.gravatar.com\/avatar\/56b998da338d19949582cc65096ee27ca386ba244f98bd3a6912608ca1f77a9a?s=96&d=mm&r=g","contentUrl":"https:\/\/secure.gravatar.com\/avatar\/56b998da338d19949582cc65096ee27ca386ba244f98bd3a6912608ca1f77a9a?s=96&d=mm&r=g","caption":"Miguel Fern\u00e1ndez Castro"},"sameAs":["https:\/\/gestudiosmultimedia.com"],"url":"https:\/\/unionprofesionaldegalicia.org\/gl\/author\/miguelgestudiosmultimedia-com\/"}]}},"_links":{"self":[{"href":"https:\/\/unionprofesionaldegalicia.org\/gl\/wp-json\/wp\/v2\/posts\/928","targetHints":{"allow":["GET"]}}],"collection":[{"href":"https:\/\/unionprofesionaldegalicia.org\/gl\/wp-json\/wp\/v2\/posts"}],"about":[{"href":"https:\/\/unionprofesionaldegalicia.org\/gl\/wp-json\/wp\/v2\/types\/post"}],"author":[{"embeddable":true,"href":"https:\/\/unionprofesionaldegalicia.org\/gl\/wp-json\/wp\/v2\/users\/2"}],"replies":[{"embeddable":true,"href":"https:\/\/unionprofesionaldegalicia.org\/gl\/wp-json\/wp\/v2\/comments?post=928"}],"version-history":[{"count":4,"href":"https:\/\/unionprofesionaldegalicia.org\/gl\/wp-json\/wp\/v2\/posts\/928\/revisions"}],"predecessor-version":[{"id":942,"href":"https:\/\/unionprofesionaldegalicia.org\/gl\/wp-json\/wp\/v2\/posts\/928\/revisions\/942"}],"wp:featuredmedia":[{"embeddable":true,"href":"https:\/\/unionprofesionaldegalicia.org\/gl\/wp-json\/wp\/v2\/media\/931"}],"wp:attachment":[{"href":"https:\/\/unionprofesionaldegalicia.org\/gl\/wp-json\/wp\/v2\/media?parent=928"}],"wp:term":[{"taxonomy":"category","embeddable":true,"href":"https:\/\/unionprofesionaldegalicia.org\/gl\/wp-json\/wp\/v2\/categories?post=928"},{"taxonomy":"post_tag","embeddable":true,"href":"https:\/\/unionprofesionaldegalicia.org\/gl\/wp-json\/wp\/v2\/tags?post=928"}],"curies":[{"name":"wp","href":"https:\/\/api.w.org\/{rel}","templated":true}]}}