{"id":2717,"date":"2026-03-08T09:02:00","date_gmt":"2026-03-08T07:02:00","guid":{"rendered":"https:\/\/unionprofesionaldegalicia.org\/?p=2717"},"modified":"2026-03-08T12:10:20","modified_gmt":"2026-03-08T10:10:20","slug":"brecha-salarial-laboral-profesiones-colegiadas-8m","status":"publish","type":"post","link":"https:\/\/unionprofesionaldegalicia.org\/gl\/brecha-salarial-laboral-profesiones-colegiadas-8m\/","title":{"rendered":"Reafirmamos nuestro compromiso con el 8M"},"content":{"rendered":"\n[et_pb_section fb_built=\u00bb1&#8243; theme_builder_area=\u00bbpost_content\u00bb _builder_version=\u00bb4.27.5&#8243; _module_preset=\u00bbdefault\u00bb][et_pb_row _builder_version=\u00bb4.27.5&#8243; _module_preset=\u00bbdefault\u00bb theme_builder_area=\u00bbpost_content\u00bb][et_pb_column _builder_version=\u00bb4.27.5&#8243; _module_preset=\u00bbdefault\u00bb type=\u00bb4_4&#8243; theme_builder_area=\u00bbpost_content\u00bb][et_pb_image src=\u00bbhttps:\/\/unionprofesionaldegalicia.org\/wp-content\/uploads\/2026\/03\/Mujer-trabajadora.jpg\u00bb _builder_version=\u00bb4.27.5&#8243; _module_preset=\u00bbdefault\u00bb theme_builder_area=\u00bbpost_content\u00bb title_text=\u00bbMujer-trabajadora\u00bb hover_enabled=\u00bb0&#8243; sticky_enabled=\u00bb0&#8243;][\/et_pb_image][\/et_pb_column][\/et_pb_row][et_pb_row _builder_version=\u00bb4.27.5&#8243; _module_preset=\u00bbdefault\u00bb theme_builder_area=\u00bbpost_content\u00bb custom_padding=\u00bb||27px|||\u00bb][et_pb_column _builder_version=\u00bb4.27.5&#8243; _module_preset=\u00bbdefault\u00bb type=\u00bb4_4&#8243; theme_builder_area=\u00bbpost_content\u00bb][et_pb_text _builder_version=\u00bb4.27.5&#8243; _module_preset=\u00bbdefault\u00bb theme_builder_area=\u00bbpost_content\u00bb hover_enabled=\u00bb0&#8243; sticky_enabled=\u00bb0&#8243;]<h1>Uni\u00f3n Profesional de Galicia, comprometida \u00a0\u00a0con la reducci\u00f3n de la brecha salarial y laboral<\/h1>[\/et_pb_text][et_pb_text _builder_version=\u00bb4.27.5&#8243; _module_preset=\u00bbdefault\u00bb theme_builder_area=\u00bbpost_content\u00bb hover_enabled=\u00bb0&#8243; sticky_enabled=\u00bb0&#8243;]<h2>MANIFIESTO 8M. D\u00eda Internacional da Muller<\/h2>[\/et_pb_text][et_pb_text _builder_version=\u00bb4.27.5&#8243; _module_preset=\u00bbdefault\u00bb theme_builder_area=\u00bbpost_content\u00bb hover_enabled=\u00bb0&#8243; sticky_enabled=\u00bb0&#8243;]<p><strong>Uni\u00f3n Profesional de Galicia, integrada por cuarenta y seis colegios profesionales que representan a m\u00e1s de treinta profesiones, afianza su compromiso por la reducci\u00f3n efectiva de la brecha salarial y laboral entre hombres y mujeres en el \u00e1mbito de las profesiones colegiadas con motivo del 8 de marzo, D\u00eda Internacional de la Mujer<\/strong><\/p>[\/et_pb_text][et_pb_text _builder_version=\u00bb4.27.5&#8243; _module_preset=\u00bbdefault\u00bb theme_builder_area=\u00bbpost_content\u00bb hover_enabled=\u00bb0&#8243; sticky_enabled=\u00bb0&#8243;]<p>Uni\u00f3n Profesional de Galicia, ante la conmemoraci\u00f3n del 8 de marzo de 2026 _D\u00eda Internacional de la Mujer_ reafirma su compromiso por la reducci\u00f3n efectiva de la brecha salarial y laboral entre hombres y mujeres en el \u00e1mbito de las profesiones colegiadas. Uni\u00f3n Profesional de Galicia propone la puesta en marcha de medidas concretas y proactivas que impulsen y favorezcan la igualdad efectiva de oportunidades en el \u00e1mbito de las profesiones colegiadas. Uni\u00f3n Profesional de Galicia tambi\u00e9n reclama un mayor compromiso social que garantice\u00a0una empleabilidad efectiva e igualitaria en el mercado laboral de las profesiones liberales colegiadas.<\/p>\n<p><strong>\u00a0<\/strong><\/p>\n<p>Uni\u00f3n Profesional de Galicia, que representa a los Colegios Profesionales cuyos colegiados est\u00e1n a avalados por una titulaci\u00f3n, considera que\u00a0la educaci\u00f3n y la formaci\u00f3n\u00a0son las herramientas b\u00e1sicas para reducir el impacto del desempleo y la brecha salarial entre hombres y mujeres.<\/p>\n<p>&nbsp;<\/p>\n<p>La asociaci\u00f3n que representa a los Colegios Profesionales en Galicia considera que para lograr el compromiso social que logre una empleabilidad efectiva e igualitaria en el \u00e1mbito de las profesiones liberales es fundamental el liderazgo que ejerzan, adem\u00e1s de las profesionales y los profesionales y sus profesiones, las Administraciones p\u00fablicas y los dem\u00e1s actores implicados: formaciones pol\u00edticas, asociaciones empresariales y sindicatos, entre otros.<\/p>\n<p>&nbsp;<\/p>\n<p>Uni\u00f3n Profesional de Galicia, y todos los colegios profesionales que integran la asociaci\u00f3n, manifiestan su firme prop\u00f3sito de continuar trabajando d\u00eda a d\u00eda con el objetivo de lograr la igualdad real en el \u00e1mbito de las profesiones universitarias y en todos los \u00e1mbitos de la sociedad civil de Galicia de la que las profesionales y los profesionales forman parte activa.<\/p>\n<p>&nbsp;<\/p>\n<p>&nbsp;<\/p>[\/et_pb_text][et_pb_divider _builder_version=\u00bb4.27.5&#8243; _module_preset=\u00bbdefault\u00bb theme_builder_area=\u00bbpost_content\u00bb hover_enabled=\u00bb0&#8243; sticky_enabled=\u00bb0&#8243;][\/et_pb_divider][et_pb_image src=\u00bbhttps:\/\/unionprofesionaldegalicia.org\/wp-content\/uploads\/2026\/03\/Mujer-en-despacho.jpg\u00bb _builder_version=\u00bb4.27.5&#8243; _module_preset=\u00bbdefault\u00bb theme_builder_area=\u00bbpost_content\u00bb title_text=\u00bbMujer-en-despacho\u00bb hover_enabled=\u00bb0&#8243; sticky_enabled=\u00bb0&#8243;][\/et_pb_image][et_pb_text _builder_version=\u00bb4.27.5&#8243; _module_preset=\u00bbdefault\u00bb theme_builder_area=\u00bbpost_content\u00bb hover_enabled=\u00bb0&#8243; sticky_enabled=\u00bb0&#8243;]<h1>Uni\u00f3n Profesional de Galicia, comprometida \u00a0\u00a0coa reduci\u00f3n da brecha salarial e laboral<\/h1>[\/et_pb_text][et_pb_text _builder_version=\u00bb4.27.5&#8243; _module_preset=\u00bbdefault\u00bb theme_builder_area=\u00bbpost_content\u00bb hover_enabled=\u00bb0&#8243; sticky_enabled=\u00bb0&#8243;]<h2>MANIFESTO 8M. D\u00eda Internacional da Muller<\/h2>[\/et_pb_text][et_pb_text _builder_version=\u00bb4.27.5&#8243; _module_preset=\u00bbdefault\u00bb theme_builder_area=\u00bbpost_content\u00bb hover_enabled=\u00bb0&#8243; sticky_enabled=\u00bb0&#8243;]<p><strong>Uni\u00f3n Profesional de Galicia, integrada por cuarenta y seis colegios profesionales que representan a m\u00e1s de treinta profesiones, afianza su compromiso por la reducci\u00f3n efectiva de la brecha salarial y laboral entre hombres y mujeres en el \u00e1mbito de las profesiones colegiadas con motivo del 8 de marzo, D\u00eda Internacional de la Mujer<\/strong><\/p>[\/et_pb_text][et_pb_text _builder_version=\u00bb4.27.5&#8243; _module_preset=\u00bbdefault\u00bb theme_builder_area=\u00bbpost_content\u00bb hover_enabled=\u00bb0&#8243; sticky_enabled=\u00bb0&#8243;]<p>Uni\u00f3n Profesional de Galicia, ante a conmemoraci\u00f3n do 8 de marzo de 2026 _D\u00eda Internacional da Muller_ reafirma o seu compromiso pola reduci\u00f3n efectiva da brecha salarial e laboral entre homes e mulleres no \u00e1mbito das profesi\u00f3ns colexiadas. Uni\u00f3n Profesional de Galicia prop\u00f3n a posta en marcha de medidas concretas e proactivas que impulsen e favorezan a igualdade efectiva de oportunidades no \u00e1mbito das profesi\u00f3ns colexiadas. Uni\u00f3n Profesional de Galicia tam\u00e9n reclama un maior compromiso social que garanta unha empregabilidade efectiva e igualitaria no mercado laboral das profesi\u00f3ns liberais colexiadas.<\/p>\n<p>&nbsp;<\/p>\n<p>Uni\u00f3n Profesional de Galicia, que representa aos Colexios Profesionais cuxos colexiados est\u00e1n a avalados por unha titulaci\u00f3n, considera que a educaci\u00f3n e a formaci\u00f3n son as ferramentas b\u00e1sicas para reducir o impacto do desemprego e a brecha salarial entre homes e mulleres.<\/p>\n<p>&nbsp;<\/p>\n<p>A asociaci\u00f3n que representa aos Colexios Profesionais en Galicia considera que para lograr o compromiso social que logre unha empregabilidade efectiva e igualitaria no \u00e1mbito das profesi\u00f3ns liberais \u00e9 fundamental o liderado que exerzan, ademais das profesionais e os profesionais e as s\u00faas profesi\u00f3ns, as Administraci\u00f3ns p\u00fablicas e os demais actores implicados: formaci\u00f3ns pol\u00edticas, asociaci\u00f3ns empresariais e sindicatos, entre outros.<\/p>\n<p>Uni\u00f3n Profesional de Galicia, e todos os colexios profesionais que integran a asociaci\u00f3n, manifestan o seu firme prop\u00f3sito de continuar traballando d\u00eda a d\u00eda co obxectivo de lograr a igualdade real no \u00e1mbito das profesi\u00f3ns universitarias e en todos os \u00e1mbitos da sociedade civil de Galicia da que as profesionais e os profesionais forman parte activa.<\/p>[\/et_pb_text][\/et_pb_column][\/et_pb_row][\/et_pb_section][et_pb_section fb_built=\u00bb1&#8243; _builder_version=\u00bb4.27.4&#8243; _module_preset=\u00bbdefault\u00bb global_colors_info=\u00bb{}\u00bb theme_builder_area=\u00bbpost_content\u00bb][et_pb_row _builder_version=\u00bb4.27.4&#8243; _module_preset=\u00bbdefault\u00bb global_colors_info=\u00bb{}\u00bb theme_builder_area=\u00bbpost_content\u00bb][et_pb_column type=\u00bb4_4&#8243; _builder_version=\u00bb4.27.4&#8243; _module_preset=\u00bbdefault\u00bb global_colors_info=\u00bb{}\u00bb theme_builder_area=\u00bbpost_content\u00bb][et_pb_text _builder_version=\u00bb4.27.4&#8243; _module_preset=\u00bbc75c3ac3-596a-46ab-b82a-744a9427050c\u00bb global_colors_info=\u00bb{}\u00bb theme_builder_area=\u00bbpost_content\u00bb]<h1>\u00daltimas noticias<\/h1>[\/et_pb_text][et_pb_blog fullwidth=\u00bboff\u00bb posts_number=\u00bb3&#8243; include_categories=\u00bball\u00bb show_author=\u00bboff\u00bb show_date=\u00bboff\u00bb show_categories=\u00bboff\u00bb show_excerpt=\u00bboff\u00bb _builder_version=\u00bb4.27.4&#8243; _module_preset=\u00bbdefault\u00bb global_colors_info=\u00bb{}\u00bb theme_builder_area=\u00bbpost_content\u00bb][\/et_pb_blog][\/et_pb_column][\/et_pb_row][\/et_pb_section]\n","protected":false},"excerpt":{"rendered":"<p>Uni\u00f3n Profesional de Galicia reafirma su compromiso con la reducci\u00f3n de la brecha salarial y laboral entre hombres y mujeres en las profesiones colegiadas con motivo del 8M.<\/p>","protected":false},"author":2,"featured_media":2719,"comment_status":"closed","ping_status":"open","sticky":false,"template":"","format":"standard","meta":{"_et_pb_use_builder":"on","_et_pb_old_content":"","_et_gb_content_width":"1080","footnotes":""},"categories":[41],"tags":[227,225,26,228,224,226,85,19],"class_list":["post-2717","post","type-post","status-publish","format-standard","has-post-thumbnail","hentry","category-noticias-union-profesional-de-galicia","tag-8m","tag-brecha-salarial","tag-colegios-profesionales","tag-dia-internacional-de-la-mujer","tag-igualdad-de-oportunidades","tag-igualdad-laboral","tag-profesiones-colegiadas","tag-union-profesional-de-galicia"],"yoast_head":"<!-- This site is optimized with the Yoast SEO plugin v27.4 - https:\/\/yoast.com\/product\/yoast-seo-wordpress\/ -->\n<title>Reafirmamos nuestro compromiso con el 8M - Uni\u00f3n Profesional de Galicia<\/title>\n<meta name=\"description\" content=\"Uni\u00f3n Profesional de Galicia reafirma su compromiso con la reducci\u00f3n de la brecha salarial y laboral entre hombres y mujeres en las profesiones colegiadas con motivo del 8M.\" \/>\n<meta name=\"robots\" content=\"index, follow, max-snippet:-1, max-image-preview:large, max-video-preview:-1\" \/>\n<link rel=\"canonical\" href=\"https:\/\/unionprofesionaldegalicia.org\/gl\/brecha-salarial-laboral-profesiones-colegiadas-8m\/\" \/>\n<meta property=\"og:locale\" content=\"gl_ES\" \/>\n<meta property=\"og:type\" content=\"article\" \/>\n<meta property=\"og:title\" content=\"Reafirmamos nuestro compromiso con el 8M - Uni\u00f3n Profesional de Galicia\" \/>\n<meta property=\"og:description\" content=\"Uni\u00f3n Profesional de Galicia reafirma su compromiso con la reducci\u00f3n de la brecha salarial y laboral entre hombres y mujeres en las profesiones colegiadas con motivo del 8M.\" \/>\n<meta property=\"og:url\" content=\"https:\/\/unionprofesionaldegalicia.org\/gl\/brecha-salarial-laboral-profesiones-colegiadas-8m\/\" \/>\n<meta property=\"og:site_name\" content=\"Uni\u00f3n Profesional de Galicia\" \/>\n<meta property=\"article:published_time\" content=\"2026-03-08T07:02:00+00:00\" \/>\n<meta property=\"article:modified_time\" content=\"2026-03-08T10:10:20+00:00\" \/>\n<meta property=\"og:image\" content=\"https:\/\/unionprofesionaldegalicia.org\/wp-content\/uploads\/2026\/03\/Mujer-trabajadora.jpg\" \/>\n\t<meta property=\"og:image:width\" content=\"1280\" \/>\n\t<meta property=\"og:image:height\" content=\"720\" \/>\n\t<meta property=\"og:image:type\" content=\"image\/jpeg\" \/>\n<meta name=\"author\" content=\"Miguel Fern\u00e1ndez Castro\" \/>\n<meta name=\"twitter:card\" content=\"summary_large_image\" \/>\n<meta name=\"twitter:label1\" content=\"Escrito por\" \/>\n\t<meta name=\"twitter:data1\" content=\"Miguel Fern\u00e1ndez Castro\" \/>\n\t<meta name=\"twitter:label2\" content=\"Tempo de lectura\" \/>\n\t<meta name=\"twitter:data2\" content=\"5 minutos\" \/>\n<script type=\"application\/ld+json\" class=\"yoast-schema-graph\">{\"@context\":\"https:\\\/\\\/schema.org\",\"@graph\":[{\"@type\":\"Article\",\"@id\":\"https:\\\/\\\/unionprofesionaldegalicia.org\\\/brecha-salarial-laboral-profesiones-colegiadas-8m\\\/#article\",\"isPartOf\":{\"@id\":\"https:\\\/\\\/unionprofesionaldegalicia.org\\\/brecha-salarial-laboral-profesiones-colegiadas-8m\\\/\"},\"author\":{\"name\":\"Miguel Fern\u00e1ndez Castro\",\"@id\":\"https:\\\/\\\/unionprofesionaldegalicia.org\\\/#\\\/schema\\\/person\\\/1f5f151f1b6733621ffef1586f99d1e0\"},\"headline\":\"Reafirmamos nuestro compromiso con el 8M\",\"datePublished\":\"2026-03-08T07:02:00+00:00\",\"dateModified\":\"2026-03-08T10:10:20+00:00\",\"mainEntityOfPage\":{\"@id\":\"https:\\\/\\\/unionprofesionaldegalicia.org\\\/brecha-salarial-laboral-profesiones-colegiadas-8m\\\/\"},\"wordCount\":1186,\"publisher\":{\"@id\":\"https:\\\/\\\/unionprofesionaldegalicia.org\\\/#organization\"},\"image\":{\"@id\":\"https:\\\/\\\/unionprofesionaldegalicia.org\\\/brecha-salarial-laboral-profesiones-colegiadas-8m\\\/#primaryimage\"},\"thumbnailUrl\":\"https:\\\/\\\/unionprofesionaldegalicia.org\\\/wp-content\\\/uploads\\\/2026\\\/03\\\/Mujer-trabajadora.jpg\",\"keywords\":[\"8M\",\"brecha salarial\",\"Colegios profesionales\",\"D\u00eda Internacional de la Mujer\",\"igualdad de oportunidades\",\"igualdad laboral\",\"profesiones colegiadas\",\"Uni\u00f3n Profesional de Galicia\"],\"articleSection\":[\"Noticias Uni\u00f3n Profesional de Galicia\"],\"inLanguage\":\"gl-ES\"},{\"@type\":\"WebPage\",\"@id\":\"https:\\\/\\\/unionprofesionaldegalicia.org\\\/brecha-salarial-laboral-profesiones-colegiadas-8m\\\/\",\"url\":\"https:\\\/\\\/unionprofesionaldegalicia.org\\\/brecha-salarial-laboral-profesiones-colegiadas-8m\\\/\",\"name\":\"Reafirmamos nuestro compromiso con el 8M - Uni\u00f3n Profesional de Galicia\",\"isPartOf\":{\"@id\":\"https:\\\/\\\/unionprofesionaldegalicia.org\\\/#website\"},\"primaryImageOfPage\":{\"@id\":\"https:\\\/\\\/unionprofesionaldegalicia.org\\\/brecha-salarial-laboral-profesiones-colegiadas-8m\\\/#primaryimage\"},\"image\":{\"@id\":\"https:\\\/\\\/unionprofesionaldegalicia.org\\\/brecha-salarial-laboral-profesiones-colegiadas-8m\\\/#primaryimage\"},\"thumbnailUrl\":\"https:\\\/\\\/unionprofesionaldegalicia.org\\\/wp-content\\\/uploads\\\/2026\\\/03\\\/Mujer-trabajadora.jpg\",\"datePublished\":\"2026-03-08T07:02:00+00:00\",\"dateModified\":\"2026-03-08T10:10:20+00:00\",\"description\":\"Uni\u00f3n Profesional de Galicia reafirma su compromiso con la reducci\u00f3n de la brecha salarial y laboral entre hombres y mujeres en las profesiones colegiadas con motivo del 8M.\",\"breadcrumb\":{\"@id\":\"https:\\\/\\\/unionprofesionaldegalicia.org\\\/brecha-salarial-laboral-profesiones-colegiadas-8m\\\/#breadcrumb\"},\"inLanguage\":\"gl-ES\",\"potentialAction\":[{\"@type\":\"ReadAction\",\"target\":[\"https:\\\/\\\/unionprofesionaldegalicia.org\\\/brecha-salarial-laboral-profesiones-colegiadas-8m\\\/\"]}]},{\"@type\":\"ImageObject\",\"inLanguage\":\"gl-ES\",\"@id\":\"https:\\\/\\\/unionprofesionaldegalicia.org\\\/brecha-salarial-laboral-profesiones-colegiadas-8m\\\/#primaryimage\",\"url\":\"https:\\\/\\\/unionprofesionaldegalicia.org\\\/wp-content\\\/uploads\\\/2026\\\/03\\\/Mujer-trabajadora.jpg\",\"contentUrl\":\"https:\\\/\\\/unionprofesionaldegalicia.org\\\/wp-content\\\/uploads\\\/2026\\\/03\\\/Mujer-trabajadora.jpg\",\"width\":1280,\"height\":720},{\"@type\":\"BreadcrumbList\",\"@id\":\"https:\\\/\\\/unionprofesionaldegalicia.org\\\/brecha-salarial-laboral-profesiones-colegiadas-8m\\\/#breadcrumb\",\"itemListElement\":[{\"@type\":\"ListItem\",\"position\":1,\"name\":\"Portada\",\"item\":\"https:\\\/\\\/unionprofesionaldegalicia.org\\\/\"},{\"@type\":\"ListItem\",\"position\":2,\"name\":\"Reafirmamos nuestro compromiso con el 8M\"}]},{\"@type\":\"WebSite\",\"@id\":\"https:\\\/\\\/unionprofesionaldegalicia.org\\\/#website\",\"url\":\"https:\\\/\\\/unionprofesionaldegalicia.org\\\/\",\"name\":\"Uni\u00f3n Profesional de Galicia\",\"description\":\"La Uni\u00f3n Profesional de Galicia es la entidad que agrupa a 44 colegios profesionales y act\u00faa como nexo entre ellos y la Administraci\u00f3n para impulsar iniciativas que fortalecen el ejercicio profesional y mejoran la actividad judicial.\",\"publisher\":{\"@id\":\"https:\\\/\\\/unionprofesionaldegalicia.org\\\/#organization\"},\"potentialAction\":[{\"@type\":\"SearchAction\",\"target\":{\"@type\":\"EntryPoint\",\"urlTemplate\":\"https:\\\/\\\/unionprofesionaldegalicia.org\\\/?s={search_term_string}\"},\"query-input\":{\"@type\":\"PropertyValueSpecification\",\"valueRequired\":true,\"valueName\":\"search_term_string\"}}],\"inLanguage\":\"gl-ES\"},{\"@type\":\"Organization\",\"@id\":\"https:\\\/\\\/unionprofesionaldegalicia.org\\\/#organization\",\"name\":\"Uni\u00f3n Profesional de Galicia\",\"url\":\"https:\\\/\\\/unionprofesionaldegalicia.org\\\/\",\"logo\":{\"@type\":\"ImageObject\",\"inLanguage\":\"gl-ES\",\"@id\":\"https:\\\/\\\/unionprofesionaldegalicia.org\\\/#\\\/schema\\\/logo\\\/image\\\/\",\"url\":\"https:\\\/\\\/unionprofesionaldegalicia.org\\\/wp-content\\\/uploads\\\/2024\\\/12\\\/Logo-Union-Profesional.jpg\",\"contentUrl\":\"https:\\\/\\\/unionprofesionaldegalicia.org\\\/wp-content\\\/uploads\\\/2024\\\/12\\\/Logo-Union-Profesional.jpg\",\"width\":200,\"height\":71,\"caption\":\"Uni\u00f3n Profesional de Galicia\"},\"image\":{\"@id\":\"https:\\\/\\\/unionprofesionaldegalicia.org\\\/#\\\/schema\\\/logo\\\/image\\\/\"}},{\"@type\":\"Person\",\"@id\":\"https:\\\/\\\/unionprofesionaldegalicia.org\\\/#\\\/schema\\\/person\\\/1f5f151f1b6733621ffef1586f99d1e0\",\"name\":\"Miguel Fern\u00e1ndez Castro\",\"image\":{\"@type\":\"ImageObject\",\"inLanguage\":\"gl-ES\",\"@id\":\"https:\\\/\\\/secure.gravatar.com\\\/avatar\\\/56b998da338d19949582cc65096ee27ca386ba244f98bd3a6912608ca1f77a9a?s=96&d=mm&r=g\",\"url\":\"https:\\\/\\\/secure.gravatar.com\\\/avatar\\\/56b998da338d19949582cc65096ee27ca386ba244f98bd3a6912608ca1f77a9a?s=96&d=mm&r=g\",\"contentUrl\":\"https:\\\/\\\/secure.gravatar.com\\\/avatar\\\/56b998da338d19949582cc65096ee27ca386ba244f98bd3a6912608ca1f77a9a?s=96&d=mm&r=g\",\"caption\":\"Miguel Fern\u00e1ndez Castro\"},\"sameAs\":[\"https:\\\/\\\/gestudiosmultimedia.com\"],\"url\":\"https:\\\/\\\/unionprofesionaldegalicia.org\\\/gl\\\/author\\\/miguelgestudiosmultimedia-com\\\/\"}]}<\/script>\n<!-- \/ Yoast SEO plugin. -->","yoast_head_json":{"title":"Reafirmamos nuestro compromiso con el 8M - Uni\u00f3n Profesional de Galicia","description":"Uni\u00f3n Profesional de Galicia reafirma su compromiso con la reducci\u00f3n de la brecha salarial y laboral entre hombres y mujeres en las profesiones colegiadas con motivo del 8M.","robots":{"index":"index","follow":"follow","max-snippet":"max-snippet:-1","max-image-preview":"max-image-preview:large","max-video-preview":"max-video-preview:-1"},"canonical":"https:\/\/unionprofesionaldegalicia.org\/gl\/brecha-salarial-laboral-profesiones-colegiadas-8m\/","og_locale":"gl_ES","og_type":"article","og_title":"Reafirmamos nuestro compromiso con el 8M - Uni\u00f3n Profesional de Galicia","og_description":"Uni\u00f3n Profesional de Galicia reafirma su compromiso con la reducci\u00f3n de la brecha salarial y laboral entre hombres y mujeres en las profesiones colegiadas con motivo del 8M.","og_url":"https:\/\/unionprofesionaldegalicia.org\/gl\/brecha-salarial-laboral-profesiones-colegiadas-8m\/","og_site_name":"Uni\u00f3n Profesional de Galicia","article_published_time":"2026-03-08T07:02:00+00:00","article_modified_time":"2026-03-08T10:10:20+00:00","og_image":[{"width":1280,"height":720,"url":"https:\/\/unionprofesionaldegalicia.org\/wp-content\/uploads\/2026\/03\/Mujer-trabajadora.jpg","type":"image\/jpeg"}],"author":"Miguel Fern\u00e1ndez Castro","twitter_card":"summary_large_image","twitter_misc":{"Escrito por":"Miguel Fern\u00e1ndez Castro","Tempo de lectura":"5 minutos"},"schema":{"@context":"https:\/\/schema.org","@graph":[{"@type":"Article","@id":"https:\/\/unionprofesionaldegalicia.org\/brecha-salarial-laboral-profesiones-colegiadas-8m\/#article","isPartOf":{"@id":"https:\/\/unionprofesionaldegalicia.org\/brecha-salarial-laboral-profesiones-colegiadas-8m\/"},"author":{"name":"Miguel Fern\u00e1ndez Castro","@id":"https:\/\/unionprofesionaldegalicia.org\/#\/schema\/person\/1f5f151f1b6733621ffef1586f99d1e0"},"headline":"Reafirmamos nuestro compromiso con el 8M","datePublished":"2026-03-08T07:02:00+00:00","dateModified":"2026-03-08T10:10:20+00:00","mainEntityOfPage":{"@id":"https:\/\/unionprofesionaldegalicia.org\/brecha-salarial-laboral-profesiones-colegiadas-8m\/"},"wordCount":1186,"publisher":{"@id":"https:\/\/unionprofesionaldegalicia.org\/#organization"},"image":{"@id":"https:\/\/unionprofesionaldegalicia.org\/brecha-salarial-laboral-profesiones-colegiadas-8m\/#primaryimage"},"thumbnailUrl":"https:\/\/unionprofesionaldegalicia.org\/wp-content\/uploads\/2026\/03\/Mujer-trabajadora.jpg","keywords":["8M","brecha salarial","Colegios profesionales","D\u00eda Internacional de la Mujer","igualdad de oportunidades","igualdad laboral","profesiones colegiadas","Uni\u00f3n Profesional de Galicia"],"articleSection":["Noticias Uni\u00f3n Profesional de Galicia"],"inLanguage":"gl-ES"},{"@type":"WebPage","@id":"https:\/\/unionprofesionaldegalicia.org\/brecha-salarial-laboral-profesiones-colegiadas-8m\/","url":"https:\/\/unionprofesionaldegalicia.org\/brecha-salarial-laboral-profesiones-colegiadas-8m\/","name":"Reafirmamos nuestro compromiso con el 8M - Uni\u00f3n Profesional de Galicia","isPartOf":{"@id":"https:\/\/unionprofesionaldegalicia.org\/#website"},"primaryImageOfPage":{"@id":"https:\/\/unionprofesionaldegalicia.org\/brecha-salarial-laboral-profesiones-colegiadas-8m\/#primaryimage"},"image":{"@id":"https:\/\/unionprofesionaldegalicia.org\/brecha-salarial-laboral-profesiones-colegiadas-8m\/#primaryimage"},"thumbnailUrl":"https:\/\/unionprofesionaldegalicia.org\/wp-content\/uploads\/2026\/03\/Mujer-trabajadora.jpg","datePublished":"2026-03-08T07:02:00+00:00","dateModified":"2026-03-08T10:10:20+00:00","description":"Uni\u00f3n Profesional de Galicia reafirma su compromiso con la reducci\u00f3n de la brecha salarial y laboral entre hombres y mujeres en las profesiones colegiadas con motivo del 8M.","breadcrumb":{"@id":"https:\/\/unionprofesionaldegalicia.org\/brecha-salarial-laboral-profesiones-colegiadas-8m\/#breadcrumb"},"inLanguage":"gl-ES","potentialAction":[{"@type":"ReadAction","target":["https:\/\/unionprofesionaldegalicia.org\/brecha-salarial-laboral-profesiones-colegiadas-8m\/"]}]},{"@type":"ImageObject","inLanguage":"gl-ES","@id":"https:\/\/unionprofesionaldegalicia.org\/brecha-salarial-laboral-profesiones-colegiadas-8m\/#primaryimage","url":"https:\/\/unionprofesionaldegalicia.org\/wp-content\/uploads\/2026\/03\/Mujer-trabajadora.jpg","contentUrl":"https:\/\/unionprofesionaldegalicia.org\/wp-content\/uploads\/2026\/03\/Mujer-trabajadora.jpg","width":1280,"height":720},{"@type":"BreadcrumbList","@id":"https:\/\/unionprofesionaldegalicia.org\/brecha-salarial-laboral-profesiones-colegiadas-8m\/#breadcrumb","itemListElement":[{"@type":"ListItem","position":1,"name":"Portada","item":"https:\/\/unionprofesionaldegalicia.org\/"},{"@type":"ListItem","position":2,"name":"Reafirmamos nuestro compromiso con el 8M"}]},{"@type":"WebSite","@id":"https:\/\/unionprofesionaldegalicia.org\/#website","url":"https:\/\/unionprofesionaldegalicia.org\/","name":"Uni\u00f3n Profesional de Galicia","description":"La Uni\u00f3n Profesional de Galicia es la entidad que agrupa a 44 colegios profesionales y act\u00faa como nexo entre ellos y la Administraci\u00f3n para impulsar iniciativas que fortalecen el ejercicio profesional y mejoran la actividad judicial.","publisher":{"@id":"https:\/\/unionprofesionaldegalicia.org\/#organization"},"potentialAction":[{"@type":"SearchAction","target":{"@type":"EntryPoint","urlTemplate":"https:\/\/unionprofesionaldegalicia.org\/?s={search_term_string}"},"query-input":{"@type":"PropertyValueSpecification","valueRequired":true,"valueName":"search_term_string"}}],"inLanguage":"gl-ES"},{"@type":"Organization","@id":"https:\/\/unionprofesionaldegalicia.org\/#organization","name":"Uni\u00f3n Profesional de Galicia","url":"https:\/\/unionprofesionaldegalicia.org\/","logo":{"@type":"ImageObject","inLanguage":"gl-ES","@id":"https:\/\/unionprofesionaldegalicia.org\/#\/schema\/logo\/image\/","url":"https:\/\/unionprofesionaldegalicia.org\/wp-content\/uploads\/2024\/12\/Logo-Union-Profesional.jpg","contentUrl":"https:\/\/unionprofesionaldegalicia.org\/wp-content\/uploads\/2024\/12\/Logo-Union-Profesional.jpg","width":200,"height":71,"caption":"Uni\u00f3n Profesional de Galicia"},"image":{"@id":"https:\/\/unionprofesionaldegalicia.org\/#\/schema\/logo\/image\/"}},{"@type":"Person","@id":"https:\/\/unionprofesionaldegalicia.org\/#\/schema\/person\/1f5f151f1b6733621ffef1586f99d1e0","name":"Miguel Fern\u00e1ndez Castro","image":{"@type":"ImageObject","inLanguage":"gl-ES","@id":"https:\/\/secure.gravatar.com\/avatar\/56b998da338d19949582cc65096ee27ca386ba244f98bd3a6912608ca1f77a9a?s=96&d=mm&r=g","url":"https:\/\/secure.gravatar.com\/avatar\/56b998da338d19949582cc65096ee27ca386ba244f98bd3a6912608ca1f77a9a?s=96&d=mm&r=g","contentUrl":"https:\/\/secure.gravatar.com\/avatar\/56b998da338d19949582cc65096ee27ca386ba244f98bd3a6912608ca1f77a9a?s=96&d=mm&r=g","caption":"Miguel Fern\u00e1ndez Castro"},"sameAs":["https:\/\/gestudiosmultimedia.com"],"url":"https:\/\/unionprofesionaldegalicia.org\/gl\/author\/miguelgestudiosmultimedia-com\/"}]}},"_links":{"self":[{"href":"https:\/\/unionprofesionaldegalicia.org\/gl\/wp-json\/wp\/v2\/posts\/2717","targetHints":{"allow":["GET"]}}],"collection":[{"href":"https:\/\/unionprofesionaldegalicia.org\/gl\/wp-json\/wp\/v2\/posts"}],"about":[{"href":"https:\/\/unionprofesionaldegalicia.org\/gl\/wp-json\/wp\/v2\/types\/post"}],"author":[{"embeddable":true,"href":"https:\/\/unionprofesionaldegalicia.org\/gl\/wp-json\/wp\/v2\/users\/2"}],"replies":[{"embeddable":true,"href":"https:\/\/unionprofesionaldegalicia.org\/gl\/wp-json\/wp\/v2\/comments?post=2717"}],"version-history":[{"count":6,"href":"https:\/\/unionprofesionaldegalicia.org\/gl\/wp-json\/wp\/v2\/posts\/2717\/revisions"}],"predecessor-version":[{"id":2725,"href":"https:\/\/unionprofesionaldegalicia.org\/gl\/wp-json\/wp\/v2\/posts\/2717\/revisions\/2725"}],"wp:featuredmedia":[{"embeddable":true,"href":"https:\/\/unionprofesionaldegalicia.org\/gl\/wp-json\/wp\/v2\/media\/2719"}],"wp:attachment":[{"href":"https:\/\/unionprofesionaldegalicia.org\/gl\/wp-json\/wp\/v2\/media?parent=2717"}],"wp:term":[{"taxonomy":"category","embeddable":true,"href":"https:\/\/unionprofesionaldegalicia.org\/gl\/wp-json\/wp\/v2\/categories?post=2717"},{"taxonomy":"post_tag","embeddable":true,"href":"https:\/\/unionprofesionaldegalicia.org\/gl\/wp-json\/wp\/v2\/tags?post=2717"}],"curies":[{"name":"wp","href":"https:\/\/api.w.org\/{rel}","templated":true}]}}