{"id":2336,"date":"2025-11-06T11:29:41","date_gmt":"2025-11-06T09:29:41","guid":{"rendered":"https:\/\/unionprofesionaldegalicia.org\/?p=2336"},"modified":"2025-11-06T11:37:11","modified_gmt":"2025-11-06T09:37:11","slug":"green-thursday-el-impacto-positivo-de-galicia","status":"publish","type":"post","link":"https:\/\/unionprofesionaldegalicia.org\/gl\/green-thursday-el-impacto-positivo-de-galicia\/","title":{"rendered":"Green Thursday: el impacto positivo de Galicia"},"content":{"rendered":"<p>[et_pb_section fb_built=\u00bb1&#8243; _builder_version=\u00bb4.27.4&#8243; _module_preset=\u00bbdefault\u00bb custom_padding=\u00bb||4px|||\u00bb global_colors_info=\u00bb{}\u00bb][et_pb_row _builder_version=\u00bb4.27.4&#8243; _module_preset=\u00bbdefault\u00bb global_colors_info=\u00bb{}\u00bb][et_pb_column type=\u00bb4_4&#8243; _builder_version=\u00bb4.27.4&#8243; _module_preset=\u00bbdefault\u00bb global_colors_info=\u00bb{}\u00bb][et_pb_image src=\u00bbhttps:\/\/unionprofesionaldegalicia.org\/wp-content\/uploads\/2025\/11\/Green-Thursday.jpg\u00bb title_text=\u00bbGreen-Thursday\u00bb _builder_version=\u00bb4.27.4&#8243; _module_preset=\u00bbdefault\u00bb global_colors_info=\u00bb{}\u00bb][\/et_pb_image][\/et_pb_column][\/et_pb_row][et_pb_row _builder_version=\u00bb4.27.4&#8243; _module_preset=\u00bbdefault\u00bb global_colors_info=\u00bb{}\u00bb][et_pb_column type=\u00bb4_4&#8243; _builder_version=\u00bb4.27.4&#8243; _module_preset=\u00bbdefault\u00bb global_colors_info=\u00bb{}\u00bb][et_pb_text admin_label=\u00bbH1&#8243; _builder_version=\u00bb4.27.4&#8243; _module_preset=\u00bbdefault\u00bb global_colors_info=\u00bb{}\u00bb]<\/p>\n<h1><b>Green Thursday Vigo 2025: El impacto positivo de Galicia<\/b><\/h1>\n<p>[\/et_pb_text][et_pb_text admin_label=\u00bbTexto\u00bb _builder_version=\u00bb4.27.4&#8243; _module_preset=\u00bbdefault\u00bb custom_padding=\u00bb1px|||||\u00bb global_colors_info=\u00bb{}\u00bb]<\/p>\n<p><span><strong>Treintayseis\u00a0<\/strong>celebra su primer evento y el gran protagonista es la sostenibilidad y el impacto positivo. En colaboraci\u00f3n con el C\u00edrculo de Empresarios de Galicia, el 6 de noviembre desde las 18:00 tendr\u00e1 lugar\u00a0Green Thursday Vigo 2025: El Impacto Positivo de Galicia, un evento diferente.<\/span><\/p>\n<p><span>Puedes confirmar desde ya tu asistencia\u00a0<a href=\"https:\/\/dk5wfv04.eu1.hubspotlinksstarter.com\/Ctc\/W6+113\/dk5wFv04\/VWYmr45hh5-PW748qQJ2gh9JcW8wLjj95FwHm5N6mkvpW3m2nnW7lCdLW6lZ3lyW56lq_z6m2hrPW121fyM8N9SygW40fpNq41Hz9yVrfYFH5m0--FVgb3N83Z9pl5N40KXlL8DCfpMTZ-k0m2wS1W1m-cDV6WpxscN7x9gm4xGFZlVzhYwg2ydJnxW90mqJr5B8fDjW3JHCB59243wXW5hY0b11L63SSW4w74DH8-DvpRW7Ds_w68QlL58W57V7wy4B9FSBW8Tyn-v2dZQbHW2b8lGW4YJxhtW4CMyLX20JZ3RW6t-mtD9c8LydW5tzlr36fGr7TVS-1Vf359PnRW2_NyHM2zmwkzW7hsJS87pG5PJf6-yQxn04\" rel=\"noopener\" target=\"_blank\" data-saferedirecturl=\"https:\/\/www.google.com\/url?q=https:\/\/dk5wFv04.eu1.hubspotlinksstarter.com\/Ctc\/W6%2B113\/dk5wFv04\/VWYmr45hh5-PW748qQJ2gh9JcW8wLjj95FwHm5N6mkvpW3m2nnW7lCdLW6lZ3lyW56lq_z6m2hrPW121fyM8N9SygW40fpNq41Hz9yVrfYFH5m0--FVgb3N83Z9pl5N40KXlL8DCfpMTZ-k0m2wS1W1m-cDV6WpxscN7x9gm4xGFZlVzhYwg2ydJnxW90mqJr5B8fDjW3JHCB59243wXW5hY0b11L63SSW4w74DH8-DvpRW7Ds_w68QlL58W57V7wy4B9FSBW8Tyn-v2dZQbHW2b8lGW4YJxhtW4CMyLX20JZ3RW6t-mtD9c8LydW5tzlr36fGr7TVS-1Vf359PnRW2_NyHM2zmwkzW7hsJS87pG5PJf6-yQxn04&amp;source=gmail&amp;ust=1762506728505000&amp;usg=AOvVaw03dDCGqlQW12VH63zyxbA1\">en la p\u00e1gina web del C\u00edrculo de Empresarios de Galicia<\/a>,\u00a0respondiendo a este email o escribiendo a\u00a0<a href=\"mailto:eventos@quincemil.com\" target=\"_blank\" rel=\"noopener\">eventos@quincemil.com<\/a>.<\/span><\/p>\n<p><span><strong>Programa definitivo:<\/strong><\/span><\/p>\n<p><span><strong>Presenta: Noa Garc\u00eda, periodista y presentadora de televisi\u00f3n y eventos<\/strong><\/span><\/p>\n<ul>\n<li><span><\/span>\n<p>18:00 h \u2013\u00a0Recepci\u00f3n y networking<\/p>\n<p><em>Bienvenida a los asistentes y espacio inicial de relaci\u00f3n entre participantes, ponentes y p\u00fablico.<\/em><\/p>\n<\/li>\n<li><span><\/span>\n<p>18:30 h \u2013\u00a0Apertura institucional<\/p>\n<p><span>Mar\u00eda Borr\u00e1s<\/span>. Presidenta del C\u00edrculo de Empresarios de Galicia<\/p>\n<p><span>Pablo Grand\u00edo<\/span>. Director de Quincemil y Treintayseis<\/p>\n<p><span>Marcelino Otero<\/span>. Coordinador de Foro de Energ\u00eda y Medioambiente del C\u00edrculo<\/p>\n<p><span>\u00c1ngeles V\u00e1zquez Mejuto<\/span>. Conselleira de Medioambiente y Cambio Clim\u00e1tico de la Xunta de Galicia<\/p>\n<\/li>\n<li>\n<p>Conversaciones inspiradoras<\/p>\n<p><strong>\u201cProyectos gallegos que transforman desde la sostenibilidad\u201d<\/strong><\/p>\n<p>Cuatro historias que demuestran c\u00f3mo la innovaci\u00f3n y el compromiso local pueden generar impacto global:<\/p>\n<\/li>\n<li>\n<p><span>19:00 h: \u00c1gueda Ubeira<\/span>, cofundadora y CEO de Vanetta Food, la primera empresa gallega especializada en alimentaci\u00f3n vegana.<\/p>\n<p><em>Sabor, \u00e9tica y emprendimiento para una nueva forma de alimentarse.<\/em><\/p>\n<p><em>Modera:<span>\u00a0<\/span><span>Loreto Peteiro<\/span>, subdirectora de Quincemil y Treintayseis<\/em><\/p>\n<\/li>\n<li>\n<p><span>19:15 h: Juan Carlos P\u00e9rez<\/span>, fundador y CEO de Aldealista, un proyecto pionero en repoblaci\u00f3n y dinamizaci\u00f3n de aldeas gallegas.<\/p>\n<p><em>Rehabitar el rural como oportunidad de futuro.<\/em><\/p>\n<p><em>Modera:<span>\u00a0<\/span><span>Jacobo Porteiro<\/span>, catedr\u00e1tico de la Universidade de Vigo<\/em><\/p>\n<\/li>\n<li>\n<p><span>19:30 h: Tom\u00e1s Garnelo<\/span>, fundador de la Impact Social Cup.<\/p>\n<p><em>Juventud, innovaci\u00f3n social y emprendimiento con prop\u00f3sito.<\/em><\/p>\n<p><em>Modera:<span>\u00a0<\/span><span>Carmen Costas<\/span>, abogada y presidenta de Executivas de Galicia<\/em><\/p>\n<\/li>\n<li>\n<p><span>19:45 h: Francisco Boira<\/span>, cofundador y director de negocio de Kreios Space<br \/>Conquistando el espacio de manera m\u00e1s sostenible<\/p>\n<p><em>Modera:<span>\u00a0<\/span><span>Patricia S\u00e1nchez<\/span><span>\u00a0<\/span>Abeal, doctora en Sostenibilidad<\/em><\/p>\n<\/li>\n<li>\n<p>20:00 h \u2013\u00a0Charla principal<\/p>\n<p><span>Ana De Santos Gilsanz<\/span>. Periodista y activista. Autora de \u201cVivir sin huella\u201d y fundadora del proyecto Ox\u00edgeno Azul.<\/p>\n<p><span>Ana de Santos<\/span><span>\u00a0<\/span>compartir\u00e1 su experiencia en comunicaci\u00f3n ambiental, activismo y transformaci\u00f3n personal hacia estilos de vida sostenibles. Una charla que invita a reflexionar sobre el papel de las empresas y las personas en la construcci\u00f3n de un futuro m\u00e1s equilibrado.<\/p>\n<p><em>\u201cNo se trata de renunciar, sino de elegir mejor: cada gesto puede ser una forma de cuidar el planeta.\u201d<\/em><\/p>\n<\/li>\n<li>\n<div>\n<div>\n<p>20:45 h \u2013\u00a0Cierre y c\u00f3ctel networking<\/p>\n<p>Un espacio de conversaci\u00f3n distendida entre asistentes, ponentes y entidades, para conectar ideas, proyectos y colaboraciones con impacto positivo.<\/p>\n<\/div>\n<\/div>\n<\/li>\n<\/ul>\n<p>[\/et_pb_text][et_pb_button button_url=\u00bbhttps:\/\/circulo.gal\/categorias\/green-thursday\/\u00bb url_new_window=\u00bbon\u00bb button_text=\u00bbConfirma tu asistencia\u00bb button_alignment=\u00bbcenter\u00bb _builder_version=\u00bb4.27.4&#8243; _module_preset=\u00bbdefault\u00bb hover_enabled=\u00bb0&#8243; global_colors_info=\u00bb{}\u00bb sticky_enabled=\u00bb0&#8243;][\/et_pb_button][et_pb_divider _builder_version=\u00bb4.27.4&#8243; _module_preset=\u00bbdefault\u00bb global_colors_info=\u00bb{}\u00bb][\/et_pb_divider][\/et_pb_column][\/et_pb_row][\/et_pb_section][et_pb_section fb_built=\u00bb1&#8243; _builder_version=\u00bb4.27.4&#8243; _module_preset=\u00bbdefault\u00bb custom_padding=\u00bb0px|||||\u00bb global_colors_info=\u00bb{}\u00bb][et_pb_row _builder_version=\u00bb4.27.4&#8243; _module_preset=\u00bbdefault\u00bb global_colors_info=\u00bb{}\u00bb][et_pb_column type=\u00bb4_4&#8243; _builder_version=\u00bb4.27.4&#8243; _module_preset=\u00bbdefault\u00bb global_colors_info=\u00bb{}\u00bb][et_pb_text admin_label=\u00bbH1&#8243; _builder_version=\u00bb4.27.4&#8243; _module_preset=\u00bb7e008c23-43b9-4eb9-b201-29a2412e8f75&#8243; global_colors_info=\u00bb{}\u00bb]<\/p>\n<h1>\u00daltimas noticias<\/h1>\n<p>[\/et_pb_text][et_pb_blog fullwidth=\u00bboff\u00bb posts_number=\u00bb3&#8243; include_categories=\u00bball\u00bb show_author=\u00bboff\u00bb show_date=\u00bboff\u00bb show_categories=\u00bboff\u00bb show_excerpt=\u00bboff\u00bb _builder_version=\u00bb4.27.4&#8243; _module_preset=\u00bbdefault\u00bb global_colors_info=\u00bb{}\u00bb][\/et_pb_blog][\/et_pb_column][\/et_pb_row][\/et_pb_section]<\/p>\n","protected":false},"excerpt":{"rendered":"<p>Green Thursday Vigo 2025: El impacto positivo de GaliciaTreintayseis\u00a0celebra su primer evento y el gran protagonista es la sostenibilidad y el impacto positivo. En colaboraci\u00f3n con el C\u00edrculo de Empresarios de Galicia, el 6 de noviembre desde las 18:00 tendr\u00e1 lugar\u00a0Green Thursday Vigo 2025: El Impacto Positivo de Galicia, un evento diferente. Puedes confirmar desde [&hellip;]<\/p>\n","protected":false},"author":2,"featured_media":2339,"comment_status":"closed","ping_status":"open","sticky":false,"template":"","format":"standard","meta":{"_et_pb_use_builder":"on","_et_pb_old_content":"","_et_gb_content_width":"1080","footnotes":""},"categories":[41],"tags":[],"class_list":["post-2336","post","type-post","status-publish","format-standard","has-post-thumbnail","hentry","category-noticias-union-profesional-de-galicia"],"yoast_head":"<!-- This site is optimized with the Yoast SEO plugin v27.5 - https:\/\/yoast.com\/product\/yoast-seo-wordpress\/ -->\n<title>Green Thursday: el impacto positivo de Galicia - Uni\u00f3n Profesional de Galicia<\/title>\n<meta name=\"robots\" content=\"index, follow, max-snippet:-1, max-image-preview:large, max-video-preview:-1\" \/>\n<link rel=\"canonical\" href=\"https:\/\/unionprofesionaldegalicia.org\/gl\/green-thursday-el-impacto-positivo-de-galicia\/\" \/>\n<meta property=\"og:locale\" content=\"gl_ES\" \/>\n<meta property=\"og:type\" content=\"article\" \/>\n<meta property=\"og:title\" content=\"Green Thursday: el impacto positivo de Galicia - Uni\u00f3n Profesional de Galicia\" \/>\n<meta property=\"og:description\" content=\"Green Thursday Vigo 2025: El impacto positivo de GaliciaTreintayseis\u00a0celebra su primer evento y el gran protagonista es la sostenibilidad y el impacto positivo. En colaboraci\u00f3n con el C\u00edrculo de Empresarios de Galicia, el 6 de noviembre desde las 18:00 tendr\u00e1 lugar\u00a0Green Thursday Vigo 2025: El Impacto Positivo de Galicia, un evento diferente. Puedes confirmar desde [&hellip;]\" \/>\n<meta property=\"og:url\" content=\"https:\/\/unionprofesionaldegalicia.org\/gl\/green-thursday-el-impacto-positivo-de-galicia\/\" \/>\n<meta property=\"og:site_name\" content=\"Uni\u00f3n Profesional de Galicia\" \/>\n<meta property=\"article:published_time\" content=\"2025-11-06T09:29:41+00:00\" \/>\n<meta property=\"article:modified_time\" content=\"2025-11-06T09:37:11+00:00\" \/>\n<meta property=\"og:image\" content=\"https:\/\/unionprofesionaldegalicia.org\/wp-content\/uploads\/2025\/11\/Green-Thursday.jpg\" \/>\n\t<meta property=\"og:image:width\" content=\"1280\" \/>\n\t<meta property=\"og:image:height\" content=\"720\" \/>\n\t<meta property=\"og:image:type\" content=\"image\/jpeg\" \/>\n<meta name=\"author\" content=\"Miguel Fern\u00e1ndez Castro\" \/>\n<meta name=\"twitter:card\" content=\"summary_large_image\" \/>\n<meta name=\"twitter:label1\" content=\"Escrito por\" \/>\n\t<meta name=\"twitter:data1\" content=\"Miguel Fern\u00e1ndez Castro\" \/>\n\t<meta name=\"twitter:label2\" content=\"Tempo de lectura\" \/>\n\t<meta name=\"twitter:data2\" content=\"4 minutos\" \/>\n<script type=\"application\/ld+json\" class=\"yoast-schema-graph\">{\"@context\":\"https:\\\/\\\/schema.org\",\"@graph\":[{\"@type\":\"Article\",\"@id\":\"https:\\\/\\\/unionprofesionaldegalicia.org\\\/green-thursday-el-impacto-positivo-de-galicia\\\/#article\",\"isPartOf\":{\"@id\":\"https:\\\/\\\/unionprofesionaldegalicia.org\\\/green-thursday-el-impacto-positivo-de-galicia\\\/\"},\"author\":{\"name\":\"Miguel Fern\u00e1ndez Castro\",\"@id\":\"https:\\\/\\\/unionprofesionaldegalicia.org\\\/#\\\/schema\\\/person\\\/1f5f151f1b6733621ffef1586f99d1e0\"},\"headline\":\"Green Thursday: el impacto positivo de Galicia\",\"datePublished\":\"2025-11-06T09:29:41+00:00\",\"dateModified\":\"2025-11-06T09:37:11+00:00\",\"mainEntityOfPage\":{\"@id\":\"https:\\\/\\\/unionprofesionaldegalicia.org\\\/green-thursday-el-impacto-positivo-de-galicia\\\/\"},\"wordCount\":743,\"publisher\":{\"@id\":\"https:\\\/\\\/unionprofesionaldegalicia.org\\\/#organization\"},\"image\":{\"@id\":\"https:\\\/\\\/unionprofesionaldegalicia.org\\\/green-thursday-el-impacto-positivo-de-galicia\\\/#primaryimage\"},\"thumbnailUrl\":\"https:\\\/\\\/unionprofesionaldegalicia.org\\\/wp-content\\\/uploads\\\/2025\\\/11\\\/Green-Thursday.jpg\",\"articleSection\":[\"Noticias Uni\u00f3n Profesional de Galicia\"],\"inLanguage\":\"gl-ES\"},{\"@type\":\"WebPage\",\"@id\":\"https:\\\/\\\/unionprofesionaldegalicia.org\\\/green-thursday-el-impacto-positivo-de-galicia\\\/\",\"url\":\"https:\\\/\\\/unionprofesionaldegalicia.org\\\/green-thursday-el-impacto-positivo-de-galicia\\\/\",\"name\":\"Green Thursday: el impacto positivo de Galicia - Uni\u00f3n Profesional de Galicia\",\"isPartOf\":{\"@id\":\"https:\\\/\\\/unionprofesionaldegalicia.org\\\/#website\"},\"primaryImageOfPage\":{\"@id\":\"https:\\\/\\\/unionprofesionaldegalicia.org\\\/green-thursday-el-impacto-positivo-de-galicia\\\/#primaryimage\"},\"image\":{\"@id\":\"https:\\\/\\\/unionprofesionaldegalicia.org\\\/green-thursday-el-impacto-positivo-de-galicia\\\/#primaryimage\"},\"thumbnailUrl\":\"https:\\\/\\\/unionprofesionaldegalicia.org\\\/wp-content\\\/uploads\\\/2025\\\/11\\\/Green-Thursday.jpg\",\"datePublished\":\"2025-11-06T09:29:41+00:00\",\"dateModified\":\"2025-11-06T09:37:11+00:00\",\"breadcrumb\":{\"@id\":\"https:\\\/\\\/unionprofesionaldegalicia.org\\\/green-thursday-el-impacto-positivo-de-galicia\\\/#breadcrumb\"},\"inLanguage\":\"gl-ES\",\"potentialAction\":[{\"@type\":\"ReadAction\",\"target\":[\"https:\\\/\\\/unionprofesionaldegalicia.org\\\/green-thursday-el-impacto-positivo-de-galicia\\\/\"]}]},{\"@type\":\"ImageObject\",\"inLanguage\":\"gl-ES\",\"@id\":\"https:\\\/\\\/unionprofesionaldegalicia.org\\\/green-thursday-el-impacto-positivo-de-galicia\\\/#primaryimage\",\"url\":\"https:\\\/\\\/unionprofesionaldegalicia.org\\\/wp-content\\\/uploads\\\/2025\\\/11\\\/Green-Thursday.jpg\",\"contentUrl\":\"https:\\\/\\\/unionprofesionaldegalicia.org\\\/wp-content\\\/uploads\\\/2025\\\/11\\\/Green-Thursday.jpg\",\"width\":1280,\"height\":720},{\"@type\":\"BreadcrumbList\",\"@id\":\"https:\\\/\\\/unionprofesionaldegalicia.org\\\/green-thursday-el-impacto-positivo-de-galicia\\\/#breadcrumb\",\"itemListElement\":[{\"@type\":\"ListItem\",\"position\":1,\"name\":\"Portada\",\"item\":\"https:\\\/\\\/unionprofesionaldegalicia.org\\\/\"},{\"@type\":\"ListItem\",\"position\":2,\"name\":\"Green Thursday: el impacto positivo de Galicia\"}]},{\"@type\":\"WebSite\",\"@id\":\"https:\\\/\\\/unionprofesionaldegalicia.org\\\/#website\",\"url\":\"https:\\\/\\\/unionprofesionaldegalicia.org\\\/\",\"name\":\"Uni\u00f3n Profesional de Galicia\",\"description\":\"La Uni\u00f3n Profesional de Galicia es la entidad que agrupa a 44 colegios profesionales y act\u00faa como nexo entre ellos y la Administraci\u00f3n para impulsar iniciativas que fortalecen el ejercicio profesional y mejoran la actividad judicial.\",\"publisher\":{\"@id\":\"https:\\\/\\\/unionprofesionaldegalicia.org\\\/#organization\"},\"potentialAction\":[{\"@type\":\"SearchAction\",\"target\":{\"@type\":\"EntryPoint\",\"urlTemplate\":\"https:\\\/\\\/unionprofesionaldegalicia.org\\\/?s={search_term_string}\"},\"query-input\":{\"@type\":\"PropertyValueSpecification\",\"valueRequired\":true,\"valueName\":\"search_term_string\"}}],\"inLanguage\":\"gl-ES\"},{\"@type\":\"Organization\",\"@id\":\"https:\\\/\\\/unionprofesionaldegalicia.org\\\/#organization\",\"name\":\"Uni\u00f3n Profesional de Galicia\",\"url\":\"https:\\\/\\\/unionprofesionaldegalicia.org\\\/\",\"logo\":{\"@type\":\"ImageObject\",\"inLanguage\":\"gl-ES\",\"@id\":\"https:\\\/\\\/unionprofesionaldegalicia.org\\\/#\\\/schema\\\/logo\\\/image\\\/\",\"url\":\"https:\\\/\\\/unionprofesionaldegalicia.org\\\/wp-content\\\/uploads\\\/2024\\\/12\\\/Logo-Union-Profesional.jpg\",\"contentUrl\":\"https:\\\/\\\/unionprofesionaldegalicia.org\\\/wp-content\\\/uploads\\\/2024\\\/12\\\/Logo-Union-Profesional.jpg\",\"width\":200,\"height\":71,\"caption\":\"Uni\u00f3n Profesional de Galicia\"},\"image\":{\"@id\":\"https:\\\/\\\/unionprofesionaldegalicia.org\\\/#\\\/schema\\\/logo\\\/image\\\/\"}},{\"@type\":\"Person\",\"@id\":\"https:\\\/\\\/unionprofesionaldegalicia.org\\\/#\\\/schema\\\/person\\\/1f5f151f1b6733621ffef1586f99d1e0\",\"name\":\"Miguel Fern\u00e1ndez Castro\",\"image\":{\"@type\":\"ImageObject\",\"inLanguage\":\"gl-ES\",\"@id\":\"https:\\\/\\\/secure.gravatar.com\\\/avatar\\\/56b998da338d19949582cc65096ee27ca386ba244f98bd3a6912608ca1f77a9a?s=96&d=mm&r=g\",\"url\":\"https:\\\/\\\/secure.gravatar.com\\\/avatar\\\/56b998da338d19949582cc65096ee27ca386ba244f98bd3a6912608ca1f77a9a?s=96&d=mm&r=g\",\"contentUrl\":\"https:\\\/\\\/secure.gravatar.com\\\/avatar\\\/56b998da338d19949582cc65096ee27ca386ba244f98bd3a6912608ca1f77a9a?s=96&d=mm&r=g\",\"caption\":\"Miguel Fern\u00e1ndez Castro\"},\"sameAs\":[\"https:\\\/\\\/gestudiosmultimedia.com\"],\"url\":\"https:\\\/\\\/unionprofesionaldegalicia.org\\\/gl\\\/author\\\/miguelgestudiosmultimedia-com\\\/\"}]}<\/script>\n<!-- \/ Yoast SEO plugin. -->","yoast_head_json":{"title":"Green Thursday: el impacto positivo de Galicia - Uni\u00f3n Profesional de Galicia","robots":{"index":"index","follow":"follow","max-snippet":"max-snippet:-1","max-image-preview":"max-image-preview:large","max-video-preview":"max-video-preview:-1"},"canonical":"https:\/\/unionprofesionaldegalicia.org\/gl\/green-thursday-el-impacto-positivo-de-galicia\/","og_locale":"gl_ES","og_type":"article","og_title":"Green Thursday: el impacto positivo de Galicia - Uni\u00f3n Profesional de Galicia","og_description":"Green Thursday Vigo 2025: El impacto positivo de GaliciaTreintayseis\u00a0celebra su primer evento y el gran protagonista es la sostenibilidad y el impacto positivo. En colaboraci\u00f3n con el C\u00edrculo de Empresarios de Galicia, el 6 de noviembre desde las 18:00 tendr\u00e1 lugar\u00a0Green Thursday Vigo 2025: El Impacto Positivo de Galicia, un evento diferente. Puedes confirmar desde [&hellip;]","og_url":"https:\/\/unionprofesionaldegalicia.org\/gl\/green-thursday-el-impacto-positivo-de-galicia\/","og_site_name":"Uni\u00f3n Profesional de Galicia","article_published_time":"2025-11-06T09:29:41+00:00","article_modified_time":"2025-11-06T09:37:11+00:00","og_image":[{"width":1280,"height":720,"url":"https:\/\/unionprofesionaldegalicia.org\/wp-content\/uploads\/2025\/11\/Green-Thursday.jpg","type":"image\/jpeg"}],"author":"Miguel Fern\u00e1ndez Castro","twitter_card":"summary_large_image","twitter_misc":{"Escrito por":"Miguel Fern\u00e1ndez Castro","Tempo de lectura":"4 minutos"},"schema":{"@context":"https:\/\/schema.org","@graph":[{"@type":"Article","@id":"https:\/\/unionprofesionaldegalicia.org\/green-thursday-el-impacto-positivo-de-galicia\/#article","isPartOf":{"@id":"https:\/\/unionprofesionaldegalicia.org\/green-thursday-el-impacto-positivo-de-galicia\/"},"author":{"name":"Miguel Fern\u00e1ndez Castro","@id":"https:\/\/unionprofesionaldegalicia.org\/#\/schema\/person\/1f5f151f1b6733621ffef1586f99d1e0"},"headline":"Green Thursday: el impacto positivo de Galicia","datePublished":"2025-11-06T09:29:41+00:00","dateModified":"2025-11-06T09:37:11+00:00","mainEntityOfPage":{"@id":"https:\/\/unionprofesionaldegalicia.org\/green-thursday-el-impacto-positivo-de-galicia\/"},"wordCount":743,"publisher":{"@id":"https:\/\/unionprofesionaldegalicia.org\/#organization"},"image":{"@id":"https:\/\/unionprofesionaldegalicia.org\/green-thursday-el-impacto-positivo-de-galicia\/#primaryimage"},"thumbnailUrl":"https:\/\/unionprofesionaldegalicia.org\/wp-content\/uploads\/2025\/11\/Green-Thursday.jpg","articleSection":["Noticias Uni\u00f3n Profesional de Galicia"],"inLanguage":"gl-ES"},{"@type":"WebPage","@id":"https:\/\/unionprofesionaldegalicia.org\/green-thursday-el-impacto-positivo-de-galicia\/","url":"https:\/\/unionprofesionaldegalicia.org\/green-thursday-el-impacto-positivo-de-galicia\/","name":"Green Thursday: el impacto positivo de Galicia - Uni\u00f3n Profesional de Galicia","isPartOf":{"@id":"https:\/\/unionprofesionaldegalicia.org\/#website"},"primaryImageOfPage":{"@id":"https:\/\/unionprofesionaldegalicia.org\/green-thursday-el-impacto-positivo-de-galicia\/#primaryimage"},"image":{"@id":"https:\/\/unionprofesionaldegalicia.org\/green-thursday-el-impacto-positivo-de-galicia\/#primaryimage"},"thumbnailUrl":"https:\/\/unionprofesionaldegalicia.org\/wp-content\/uploads\/2025\/11\/Green-Thursday.jpg","datePublished":"2025-11-06T09:29:41+00:00","dateModified":"2025-11-06T09:37:11+00:00","breadcrumb":{"@id":"https:\/\/unionprofesionaldegalicia.org\/green-thursday-el-impacto-positivo-de-galicia\/#breadcrumb"},"inLanguage":"gl-ES","potentialAction":[{"@type":"ReadAction","target":["https:\/\/unionprofesionaldegalicia.org\/green-thursday-el-impacto-positivo-de-galicia\/"]}]},{"@type":"ImageObject","inLanguage":"gl-ES","@id":"https:\/\/unionprofesionaldegalicia.org\/green-thursday-el-impacto-positivo-de-galicia\/#primaryimage","url":"https:\/\/unionprofesionaldegalicia.org\/wp-content\/uploads\/2025\/11\/Green-Thursday.jpg","contentUrl":"https:\/\/unionprofesionaldegalicia.org\/wp-content\/uploads\/2025\/11\/Green-Thursday.jpg","width":1280,"height":720},{"@type":"BreadcrumbList","@id":"https:\/\/unionprofesionaldegalicia.org\/green-thursday-el-impacto-positivo-de-galicia\/#breadcrumb","itemListElement":[{"@type":"ListItem","position":1,"name":"Portada","item":"https:\/\/unionprofesionaldegalicia.org\/"},{"@type":"ListItem","position":2,"name":"Green Thursday: el impacto positivo de Galicia"}]},{"@type":"WebSite","@id":"https:\/\/unionprofesionaldegalicia.org\/#website","url":"https:\/\/unionprofesionaldegalicia.org\/","name":"Uni\u00f3n Profesional de Galicia","description":"La Uni\u00f3n Profesional de Galicia es la entidad que agrupa a 44 colegios profesionales y act\u00faa como nexo entre ellos y la Administraci\u00f3n para impulsar iniciativas que fortalecen el ejercicio profesional y mejoran la actividad judicial.","publisher":{"@id":"https:\/\/unionprofesionaldegalicia.org\/#organization"},"potentialAction":[{"@type":"SearchAction","target":{"@type":"EntryPoint","urlTemplate":"https:\/\/unionprofesionaldegalicia.org\/?s={search_term_string}"},"query-input":{"@type":"PropertyValueSpecification","valueRequired":true,"valueName":"search_term_string"}}],"inLanguage":"gl-ES"},{"@type":"Organization","@id":"https:\/\/unionprofesionaldegalicia.org\/#organization","name":"Uni\u00f3n Profesional de Galicia","url":"https:\/\/unionprofesionaldegalicia.org\/","logo":{"@type":"ImageObject","inLanguage":"gl-ES","@id":"https:\/\/unionprofesionaldegalicia.org\/#\/schema\/logo\/image\/","url":"https:\/\/unionprofesionaldegalicia.org\/wp-content\/uploads\/2024\/12\/Logo-Union-Profesional.jpg","contentUrl":"https:\/\/unionprofesionaldegalicia.org\/wp-content\/uploads\/2024\/12\/Logo-Union-Profesional.jpg","width":200,"height":71,"caption":"Uni\u00f3n Profesional de Galicia"},"image":{"@id":"https:\/\/unionprofesionaldegalicia.org\/#\/schema\/logo\/image\/"}},{"@type":"Person","@id":"https:\/\/unionprofesionaldegalicia.org\/#\/schema\/person\/1f5f151f1b6733621ffef1586f99d1e0","name":"Miguel Fern\u00e1ndez Castro","image":{"@type":"ImageObject","inLanguage":"gl-ES","@id":"https:\/\/secure.gravatar.com\/avatar\/56b998da338d19949582cc65096ee27ca386ba244f98bd3a6912608ca1f77a9a?s=96&d=mm&r=g","url":"https:\/\/secure.gravatar.com\/avatar\/56b998da338d19949582cc65096ee27ca386ba244f98bd3a6912608ca1f77a9a?s=96&d=mm&r=g","contentUrl":"https:\/\/secure.gravatar.com\/avatar\/56b998da338d19949582cc65096ee27ca386ba244f98bd3a6912608ca1f77a9a?s=96&d=mm&r=g","caption":"Miguel Fern\u00e1ndez Castro"},"sameAs":["https:\/\/gestudiosmultimedia.com"],"url":"https:\/\/unionprofesionaldegalicia.org\/gl\/author\/miguelgestudiosmultimedia-com\/"}]}},"_links":{"self":[{"href":"https:\/\/unionprofesionaldegalicia.org\/gl\/wp-json\/wp\/v2\/posts\/2336","targetHints":{"allow":["GET"]}}],"collection":[{"href":"https:\/\/unionprofesionaldegalicia.org\/gl\/wp-json\/wp\/v2\/posts"}],"about":[{"href":"https:\/\/unionprofesionaldegalicia.org\/gl\/wp-json\/wp\/v2\/types\/post"}],"author":[{"embeddable":true,"href":"https:\/\/unionprofesionaldegalicia.org\/gl\/wp-json\/wp\/v2\/users\/2"}],"replies":[{"embeddable":true,"href":"https:\/\/unionprofesionaldegalicia.org\/gl\/wp-json\/wp\/v2\/comments?post=2336"}],"version-history":[{"count":5,"href":"https:\/\/unionprofesionaldegalicia.org\/gl\/wp-json\/wp\/v2\/posts\/2336\/revisions"}],"predecessor-version":[{"id":2344,"href":"https:\/\/unionprofesionaldegalicia.org\/gl\/wp-json\/wp\/v2\/posts\/2336\/revisions\/2344"}],"wp:featuredmedia":[{"embeddable":true,"href":"https:\/\/unionprofesionaldegalicia.org\/gl\/wp-json\/wp\/v2\/media\/2339"}],"wp:attachment":[{"href":"https:\/\/unionprofesionaldegalicia.org\/gl\/wp-json\/wp\/v2\/media?parent=2336"}],"wp:term":[{"taxonomy":"category","embeddable":true,"href":"https:\/\/unionprofesionaldegalicia.org\/gl\/wp-json\/wp\/v2\/categories?post=2336"},{"taxonomy":"post_tag","embeddable":true,"href":"https:\/\/unionprofesionaldegalicia.org\/gl\/wp-json\/wp\/v2\/tags?post=2336"}],"curies":[{"name":"wp","href":"https:\/\/api.w.org\/{rel}","templated":true}]}}