{"id":2219,"date":"2025-10-17T20:51:00","date_gmt":"2025-10-17T18:51:00","guid":{"rendered":"https:\/\/unionprofesionaldegalicia.org\/?p=2219"},"modified":"2025-10-18T20:09:58","modified_gmt":"2025-10-18T18:09:58","slug":"santalices-reafirma-el-compromiso-con-la-tolerancia","status":"publish","type":"post","link":"https:\/\/unionprofesionaldegalicia.org\/gl\/santalices-reafirma-el-compromiso-con-la-tolerancia\/","title":{"rendered":"Santalices reafirma el compromiso con la tolerancia"},"content":{"rendered":"<p>[et_pb_section fb_built=\u00bb1&#8243; _builder_version=\u00bb4.27.4&#8243; _module_preset=\u00bbdefault\u00bb global_colors_info=\u00bb{}\u00bb][et_pb_row _builder_version=\u00bb4.27.4&#8243; _module_preset=\u00bbdefault\u00bb global_colors_info=\u00bb{}\u00bb][et_pb_column type=\u00bb4_4&#8243; _builder_version=\u00bb4.27.4&#8243; _module_preset=\u00bbdefault\u00bb global_colors_info=\u00bb{}\u00bb][et_pb_image src=\u00bbhttps:\/\/unionprofesionaldegalicia.org\/wp-content\/uploads\/2025\/10\/IMG_0825-scaled.jpeg\u00bb title_text=\u00bbIMG_0825&#8243; _builder_version=\u00bb4.27.4&#8243; _module_preset=\u00bbdefault\u00bb global_colors_info=\u00bb{}\u00bb][\/et_pb_image][et_pb_text _builder_version=\u00bb4.27.4&#8243; _module_preset=\u00bbdefault\u00bb global_colors_info=\u00bb{}\u00bb]<\/p>\n<h1><span>Santalices reafirma el compromiso con la tolerancia<\/span><\/h1>\n<p>[\/et_pb_text][et_pb_text _builder_version=\u00bb4.27.4&#8243; _module_preset=\u00bbdefault\u00bb global_colors_info=\u00bb{}\u00bb]<\/p>\n<p><span>El presidente del Parlamento de Galicia, Miguel \u00c1ngel Santalices, reafirm\u00f3 el compromiso de la instituci\u00f3n con la senda de la tolerancia y la no discriminaci\u00f3n durante la presentaci\u00f3n del informe El estado de la pobreza en Galicia 2025, elaborado por la Red Europea de Lucha contra la Pobreza y la Exclusi\u00f3n Social (EAPN).<\/span><\/p>\n<p><span>En el acto participaron Ana Pardo, presidenta de EAPN Galicia, y Xos\u00e9 Cuns, director de la entidad en la comunidad, quienes presentaron los principales datos del informe.<\/span><\/p>\n<p><span>Uni\u00f3n Profesional de Galicia estuvo representada por su secretaria general, Patricia Verez Cotelo, quien destac\u00f3 la relevancia del trabajo conjunto entre las instituciones y el tercer sector para avanzar hacia una sociedad m\u00e1s justa e inclusiva.<\/span><\/p>\n<p><span>Al evento asistieron tambi\u00e9n la Valedora do Pobo, representantes de todos los grupos parlamentarios, miembros de diversas conseller\u00edas y de las principales organizaciones del tercer sector de Galicia.<\/span><\/p>\n<p>[\/et_pb_text][et_pb_divider _builder_version=\u00bb4.27.4&#8243; _module_preset=\u00bbdefault\u00bb global_colors_info=\u00bb{}\u00bb][\/et_pb_divider][\/et_pb_column][\/et_pb_row][\/et_pb_section]<\/p>\n","protected":false},"excerpt":{"rendered":"<p>El presidente del Parlamento de Galicia, Miguel Santalices, reafirma el compromiso de la C\u00e1mara con la tolerancia y la no discriminaci\u00f3n en la presentaci\u00f3n del informe de EAPN Galicia.<\/p>","protected":false},"author":2,"featured_media":2222,"comment_status":"closed","ping_status":"open","sticky":false,"template":"","format":"standard","meta":{"_et_pb_use_builder":"on","_et_pb_old_content":"","_et_gb_content_width":"1080","footnotes":""},"categories":[41],"tags":[147,145,151,148,150,146,149],"class_list":["post-2219","post","type-post","status-publish","format-standard","has-post-thumbnail","hentry","category-noticias-union-profesional-de-galicia","tag-eapn-galicia","tag-miguel-santalices","tag-no-discriminacion","tag-parlamento-de-galicia","tag-tercer-sector","tag-tolerancia","tag-valedora-do-pobo"],"yoast_head":"<!-- This site is optimized with the Yoast SEO plugin v27.4 - https:\/\/yoast.com\/product\/yoast-seo-wordpress\/ -->\n<title>Santalices reafirma el compromiso con la tolerancia - Uni\u00f3n Profesional de Galicia<\/title>\n<meta name=\"robots\" content=\"index, follow, max-snippet:-1, max-image-preview:large, max-video-preview:-1\" \/>\n<link rel=\"canonical\" href=\"https:\/\/unionprofesionaldegalicia.org\/gl\/santalices-reafirma-el-compromiso-con-la-tolerancia\/\" \/>\n<meta property=\"og:locale\" content=\"gl_ES\" \/>\n<meta property=\"og:type\" content=\"article\" \/>\n<meta property=\"og:title\" content=\"Santalices reafirma el compromiso con la tolerancia - Uni\u00f3n Profesional de Galicia\" \/>\n<meta property=\"og:description\" content=\"El presidente del Parlamento de Galicia, Miguel Santalices, reafirma el compromiso de la C\u00e1mara con la tolerancia y la no discriminaci\u00f3n en la presentaci\u00f3n del informe de EAPN Galicia.\" \/>\n<meta property=\"og:url\" content=\"https:\/\/unionprofesionaldegalicia.org\/gl\/santalices-reafirma-el-compromiso-con-la-tolerancia\/\" \/>\n<meta property=\"og:site_name\" content=\"Uni\u00f3n Profesional de Galicia\" \/>\n<meta property=\"article:published_time\" content=\"2025-10-17T18:51:00+00:00\" \/>\n<meta property=\"article:modified_time\" content=\"2025-10-18T18:09:58+00:00\" \/>\n<meta property=\"og:image\" content=\"https:\/\/unionprofesionaldegalicia.org\/wp-content\/uploads\/2025\/10\/IMG_0825-scaled.jpeg\" \/>\n\t<meta property=\"og:image:width\" content=\"2560\" \/>\n\t<meta property=\"og:image:height\" content=\"1390\" \/>\n\t<meta property=\"og:image:type\" content=\"image\/jpeg\" \/>\n<meta name=\"author\" content=\"Miguel Fern\u00e1ndez Castro\" \/>\n<meta name=\"twitter:card\" content=\"summary_large_image\" \/>\n<meta name=\"twitter:label1\" content=\"Escrito por\" \/>\n\t<meta name=\"twitter:data1\" content=\"Miguel Fern\u00e1ndez Castro\" \/>\n\t<meta name=\"twitter:label2\" content=\"Tempo de lectura\" \/>\n\t<meta name=\"twitter:data2\" content=\"1 minuto\" \/>\n<script type=\"application\/ld+json\" class=\"yoast-schema-graph\">{\"@context\":\"https:\\\/\\\/schema.org\",\"@graph\":[{\"@type\":\"Article\",\"@id\":\"https:\\\/\\\/unionprofesionaldegalicia.org\\\/santalices-reafirma-el-compromiso-con-la-tolerancia\\\/#article\",\"isPartOf\":{\"@id\":\"https:\\\/\\\/unionprofesionaldegalicia.org\\\/santalices-reafirma-el-compromiso-con-la-tolerancia\\\/\"},\"author\":{\"name\":\"Miguel Fern\u00e1ndez Castro\",\"@id\":\"https:\\\/\\\/unionprofesionaldegalicia.org\\\/#\\\/schema\\\/person\\\/1f5f151f1b6733621ffef1586f99d1e0\"},\"headline\":\"Santalices reafirma el compromiso con la tolerancia\",\"datePublished\":\"2025-10-17T18:51:00+00:00\",\"dateModified\":\"2025-10-18T18:09:58+00:00\",\"mainEntityOfPage\":{\"@id\":\"https:\\\/\\\/unionprofesionaldegalicia.org\\\/santalices-reafirma-el-compromiso-con-la-tolerancia\\\/\"},\"wordCount\":278,\"publisher\":{\"@id\":\"https:\\\/\\\/unionprofesionaldegalicia.org\\\/#organization\"},\"image\":{\"@id\":\"https:\\\/\\\/unionprofesionaldegalicia.org\\\/santalices-reafirma-el-compromiso-con-la-tolerancia\\\/#primaryimage\"},\"thumbnailUrl\":\"https:\\\/\\\/unionprofesionaldegalicia.org\\\/wp-content\\\/uploads\\\/2025\\\/10\\\/IMG_0825-scaled.jpeg\",\"keywords\":[\"EAPN Galicia\",\"Miguel Santalices\",\"no discriminaci\u00f3n\",\"Parlamento de Galicia\",\"tercer sector\",\"tolerancia\",\"Valedora do Pobo\"],\"articleSection\":[\"Noticias Uni\u00f3n Profesional de Galicia\"],\"inLanguage\":\"gl-ES\"},{\"@type\":\"WebPage\",\"@id\":\"https:\\\/\\\/unionprofesionaldegalicia.org\\\/santalices-reafirma-el-compromiso-con-la-tolerancia\\\/\",\"url\":\"https:\\\/\\\/unionprofesionaldegalicia.org\\\/santalices-reafirma-el-compromiso-con-la-tolerancia\\\/\",\"name\":\"Santalices reafirma el compromiso con la tolerancia - Uni\u00f3n Profesional de Galicia\",\"isPartOf\":{\"@id\":\"https:\\\/\\\/unionprofesionaldegalicia.org\\\/#website\"},\"primaryImageOfPage\":{\"@id\":\"https:\\\/\\\/unionprofesionaldegalicia.org\\\/santalices-reafirma-el-compromiso-con-la-tolerancia\\\/#primaryimage\"},\"image\":{\"@id\":\"https:\\\/\\\/unionprofesionaldegalicia.org\\\/santalices-reafirma-el-compromiso-con-la-tolerancia\\\/#primaryimage\"},\"thumbnailUrl\":\"https:\\\/\\\/unionprofesionaldegalicia.org\\\/wp-content\\\/uploads\\\/2025\\\/10\\\/IMG_0825-scaled.jpeg\",\"datePublished\":\"2025-10-17T18:51:00+00:00\",\"dateModified\":\"2025-10-18T18:09:58+00:00\",\"breadcrumb\":{\"@id\":\"https:\\\/\\\/unionprofesionaldegalicia.org\\\/santalices-reafirma-el-compromiso-con-la-tolerancia\\\/#breadcrumb\"},\"inLanguage\":\"gl-ES\",\"potentialAction\":[{\"@type\":\"ReadAction\",\"target\":[\"https:\\\/\\\/unionprofesionaldegalicia.org\\\/santalices-reafirma-el-compromiso-con-la-tolerancia\\\/\"]}]},{\"@type\":\"ImageObject\",\"inLanguage\":\"gl-ES\",\"@id\":\"https:\\\/\\\/unionprofesionaldegalicia.org\\\/santalices-reafirma-el-compromiso-con-la-tolerancia\\\/#primaryimage\",\"url\":\"https:\\\/\\\/unionprofesionaldegalicia.org\\\/wp-content\\\/uploads\\\/2025\\\/10\\\/IMG_0825-scaled.jpeg\",\"contentUrl\":\"https:\\\/\\\/unionprofesionaldegalicia.org\\\/wp-content\\\/uploads\\\/2025\\\/10\\\/IMG_0825-scaled.jpeg\",\"width\":2560,\"height\":1390},{\"@type\":\"BreadcrumbList\",\"@id\":\"https:\\\/\\\/unionprofesionaldegalicia.org\\\/santalices-reafirma-el-compromiso-con-la-tolerancia\\\/#breadcrumb\",\"itemListElement\":[{\"@type\":\"ListItem\",\"position\":1,\"name\":\"Portada\",\"item\":\"https:\\\/\\\/unionprofesionaldegalicia.org\\\/\"},{\"@type\":\"ListItem\",\"position\":2,\"name\":\"Santalices reafirma el compromiso con la tolerancia\"}]},{\"@type\":\"WebSite\",\"@id\":\"https:\\\/\\\/unionprofesionaldegalicia.org\\\/#website\",\"url\":\"https:\\\/\\\/unionprofesionaldegalicia.org\\\/\",\"name\":\"Uni\u00f3n Profesional de Galicia\",\"description\":\"La Uni\u00f3n Profesional de Galicia es la entidad que agrupa a 44 colegios profesionales y act\u00faa como nexo entre ellos y la Administraci\u00f3n para impulsar iniciativas que fortalecen el ejercicio profesional y mejoran la actividad judicial.\",\"publisher\":{\"@id\":\"https:\\\/\\\/unionprofesionaldegalicia.org\\\/#organization\"},\"potentialAction\":[{\"@type\":\"SearchAction\",\"target\":{\"@type\":\"EntryPoint\",\"urlTemplate\":\"https:\\\/\\\/unionprofesionaldegalicia.org\\\/?s={search_term_string}\"},\"query-input\":{\"@type\":\"PropertyValueSpecification\",\"valueRequired\":true,\"valueName\":\"search_term_string\"}}],\"inLanguage\":\"gl-ES\"},{\"@type\":\"Organization\",\"@id\":\"https:\\\/\\\/unionprofesionaldegalicia.org\\\/#organization\",\"name\":\"Uni\u00f3n Profesional de Galicia\",\"url\":\"https:\\\/\\\/unionprofesionaldegalicia.org\\\/\",\"logo\":{\"@type\":\"ImageObject\",\"inLanguage\":\"gl-ES\",\"@id\":\"https:\\\/\\\/unionprofesionaldegalicia.org\\\/#\\\/schema\\\/logo\\\/image\\\/\",\"url\":\"https:\\\/\\\/unionprofesionaldegalicia.org\\\/wp-content\\\/uploads\\\/2024\\\/12\\\/Logo-Union-Profesional.jpg\",\"contentUrl\":\"https:\\\/\\\/unionprofesionaldegalicia.org\\\/wp-content\\\/uploads\\\/2024\\\/12\\\/Logo-Union-Profesional.jpg\",\"width\":200,\"height\":71,\"caption\":\"Uni\u00f3n Profesional de Galicia\"},\"image\":{\"@id\":\"https:\\\/\\\/unionprofesionaldegalicia.org\\\/#\\\/schema\\\/logo\\\/image\\\/\"}},{\"@type\":\"Person\",\"@id\":\"https:\\\/\\\/unionprofesionaldegalicia.org\\\/#\\\/schema\\\/person\\\/1f5f151f1b6733621ffef1586f99d1e0\",\"name\":\"Miguel Fern\u00e1ndez Castro\",\"image\":{\"@type\":\"ImageObject\",\"inLanguage\":\"gl-ES\",\"@id\":\"https:\\\/\\\/secure.gravatar.com\\\/avatar\\\/56b998da338d19949582cc65096ee27ca386ba244f98bd3a6912608ca1f77a9a?s=96&d=mm&r=g\",\"url\":\"https:\\\/\\\/secure.gravatar.com\\\/avatar\\\/56b998da338d19949582cc65096ee27ca386ba244f98bd3a6912608ca1f77a9a?s=96&d=mm&r=g\",\"contentUrl\":\"https:\\\/\\\/secure.gravatar.com\\\/avatar\\\/56b998da338d19949582cc65096ee27ca386ba244f98bd3a6912608ca1f77a9a?s=96&d=mm&r=g\",\"caption\":\"Miguel Fern\u00e1ndez Castro\"},\"sameAs\":[\"https:\\\/\\\/gestudiosmultimedia.com\"],\"url\":\"https:\\\/\\\/unionprofesionaldegalicia.org\\\/gl\\\/author\\\/miguelgestudiosmultimedia-com\\\/\"}]}<\/script>\n<!-- \/ Yoast SEO plugin. -->","yoast_head_json":{"title":"Santalices reafirma el compromiso con la tolerancia - Uni\u00f3n Profesional de Galicia","robots":{"index":"index","follow":"follow","max-snippet":"max-snippet:-1","max-image-preview":"max-image-preview:large","max-video-preview":"max-video-preview:-1"},"canonical":"https:\/\/unionprofesionaldegalicia.org\/gl\/santalices-reafirma-el-compromiso-con-la-tolerancia\/","og_locale":"gl_ES","og_type":"article","og_title":"Santalices reafirma el compromiso con la tolerancia - Uni\u00f3n Profesional de Galicia","og_description":"El presidente del Parlamento de Galicia, Miguel Santalices, reafirma el compromiso de la C\u00e1mara con la tolerancia y la no discriminaci\u00f3n en la presentaci\u00f3n del informe de EAPN Galicia.","og_url":"https:\/\/unionprofesionaldegalicia.org\/gl\/santalices-reafirma-el-compromiso-con-la-tolerancia\/","og_site_name":"Uni\u00f3n Profesional de Galicia","article_published_time":"2025-10-17T18:51:00+00:00","article_modified_time":"2025-10-18T18:09:58+00:00","og_image":[{"width":2560,"height":1390,"url":"https:\/\/unionprofesionaldegalicia.org\/wp-content\/uploads\/2025\/10\/IMG_0825-scaled.jpeg","type":"image\/jpeg"}],"author":"Miguel Fern\u00e1ndez Castro","twitter_card":"summary_large_image","twitter_misc":{"Escrito por":"Miguel Fern\u00e1ndez Castro","Tempo de lectura":"1 minuto"},"schema":{"@context":"https:\/\/schema.org","@graph":[{"@type":"Article","@id":"https:\/\/unionprofesionaldegalicia.org\/santalices-reafirma-el-compromiso-con-la-tolerancia\/#article","isPartOf":{"@id":"https:\/\/unionprofesionaldegalicia.org\/santalices-reafirma-el-compromiso-con-la-tolerancia\/"},"author":{"name":"Miguel Fern\u00e1ndez Castro","@id":"https:\/\/unionprofesionaldegalicia.org\/#\/schema\/person\/1f5f151f1b6733621ffef1586f99d1e0"},"headline":"Santalices reafirma el compromiso con la tolerancia","datePublished":"2025-10-17T18:51:00+00:00","dateModified":"2025-10-18T18:09:58+00:00","mainEntityOfPage":{"@id":"https:\/\/unionprofesionaldegalicia.org\/santalices-reafirma-el-compromiso-con-la-tolerancia\/"},"wordCount":278,"publisher":{"@id":"https:\/\/unionprofesionaldegalicia.org\/#organization"},"image":{"@id":"https:\/\/unionprofesionaldegalicia.org\/santalices-reafirma-el-compromiso-con-la-tolerancia\/#primaryimage"},"thumbnailUrl":"https:\/\/unionprofesionaldegalicia.org\/wp-content\/uploads\/2025\/10\/IMG_0825-scaled.jpeg","keywords":["EAPN Galicia","Miguel Santalices","no discriminaci\u00f3n","Parlamento de Galicia","tercer sector","tolerancia","Valedora do Pobo"],"articleSection":["Noticias Uni\u00f3n Profesional de Galicia"],"inLanguage":"gl-ES"},{"@type":"WebPage","@id":"https:\/\/unionprofesionaldegalicia.org\/santalices-reafirma-el-compromiso-con-la-tolerancia\/","url":"https:\/\/unionprofesionaldegalicia.org\/santalices-reafirma-el-compromiso-con-la-tolerancia\/","name":"Santalices reafirma el compromiso con la tolerancia - Uni\u00f3n Profesional de Galicia","isPartOf":{"@id":"https:\/\/unionprofesionaldegalicia.org\/#website"},"primaryImageOfPage":{"@id":"https:\/\/unionprofesionaldegalicia.org\/santalices-reafirma-el-compromiso-con-la-tolerancia\/#primaryimage"},"image":{"@id":"https:\/\/unionprofesionaldegalicia.org\/santalices-reafirma-el-compromiso-con-la-tolerancia\/#primaryimage"},"thumbnailUrl":"https:\/\/unionprofesionaldegalicia.org\/wp-content\/uploads\/2025\/10\/IMG_0825-scaled.jpeg","datePublished":"2025-10-17T18:51:00+00:00","dateModified":"2025-10-18T18:09:58+00:00","breadcrumb":{"@id":"https:\/\/unionprofesionaldegalicia.org\/santalices-reafirma-el-compromiso-con-la-tolerancia\/#breadcrumb"},"inLanguage":"gl-ES","potentialAction":[{"@type":"ReadAction","target":["https:\/\/unionprofesionaldegalicia.org\/santalices-reafirma-el-compromiso-con-la-tolerancia\/"]}]},{"@type":"ImageObject","inLanguage":"gl-ES","@id":"https:\/\/unionprofesionaldegalicia.org\/santalices-reafirma-el-compromiso-con-la-tolerancia\/#primaryimage","url":"https:\/\/unionprofesionaldegalicia.org\/wp-content\/uploads\/2025\/10\/IMG_0825-scaled.jpeg","contentUrl":"https:\/\/unionprofesionaldegalicia.org\/wp-content\/uploads\/2025\/10\/IMG_0825-scaled.jpeg","width":2560,"height":1390},{"@type":"BreadcrumbList","@id":"https:\/\/unionprofesionaldegalicia.org\/santalices-reafirma-el-compromiso-con-la-tolerancia\/#breadcrumb","itemListElement":[{"@type":"ListItem","position":1,"name":"Portada","item":"https:\/\/unionprofesionaldegalicia.org\/"},{"@type":"ListItem","position":2,"name":"Santalices reafirma el compromiso con la tolerancia"}]},{"@type":"WebSite","@id":"https:\/\/unionprofesionaldegalicia.org\/#website","url":"https:\/\/unionprofesionaldegalicia.org\/","name":"Uni\u00f3n Profesional de Galicia","description":"La Uni\u00f3n Profesional de Galicia es la entidad que agrupa a 44 colegios profesionales y act\u00faa como nexo entre ellos y la Administraci\u00f3n para impulsar iniciativas que fortalecen el ejercicio profesional y mejoran la actividad judicial.","publisher":{"@id":"https:\/\/unionprofesionaldegalicia.org\/#organization"},"potentialAction":[{"@type":"SearchAction","target":{"@type":"EntryPoint","urlTemplate":"https:\/\/unionprofesionaldegalicia.org\/?s={search_term_string}"},"query-input":{"@type":"PropertyValueSpecification","valueRequired":true,"valueName":"search_term_string"}}],"inLanguage":"gl-ES"},{"@type":"Organization","@id":"https:\/\/unionprofesionaldegalicia.org\/#organization","name":"Uni\u00f3n Profesional de Galicia","url":"https:\/\/unionprofesionaldegalicia.org\/","logo":{"@type":"ImageObject","inLanguage":"gl-ES","@id":"https:\/\/unionprofesionaldegalicia.org\/#\/schema\/logo\/image\/","url":"https:\/\/unionprofesionaldegalicia.org\/wp-content\/uploads\/2024\/12\/Logo-Union-Profesional.jpg","contentUrl":"https:\/\/unionprofesionaldegalicia.org\/wp-content\/uploads\/2024\/12\/Logo-Union-Profesional.jpg","width":200,"height":71,"caption":"Uni\u00f3n Profesional de Galicia"},"image":{"@id":"https:\/\/unionprofesionaldegalicia.org\/#\/schema\/logo\/image\/"}},{"@type":"Person","@id":"https:\/\/unionprofesionaldegalicia.org\/#\/schema\/person\/1f5f151f1b6733621ffef1586f99d1e0","name":"Miguel Fern\u00e1ndez Castro","image":{"@type":"ImageObject","inLanguage":"gl-ES","@id":"https:\/\/secure.gravatar.com\/avatar\/56b998da338d19949582cc65096ee27ca386ba244f98bd3a6912608ca1f77a9a?s=96&d=mm&r=g","url":"https:\/\/secure.gravatar.com\/avatar\/56b998da338d19949582cc65096ee27ca386ba244f98bd3a6912608ca1f77a9a?s=96&d=mm&r=g","contentUrl":"https:\/\/secure.gravatar.com\/avatar\/56b998da338d19949582cc65096ee27ca386ba244f98bd3a6912608ca1f77a9a?s=96&d=mm&r=g","caption":"Miguel Fern\u00e1ndez Castro"},"sameAs":["https:\/\/gestudiosmultimedia.com"],"url":"https:\/\/unionprofesionaldegalicia.org\/gl\/author\/miguelgestudiosmultimedia-com\/"}]}},"_links":{"self":[{"href":"https:\/\/unionprofesionaldegalicia.org\/gl\/wp-json\/wp\/v2\/posts\/2219","targetHints":{"allow":["GET"]}}],"collection":[{"href":"https:\/\/unionprofesionaldegalicia.org\/gl\/wp-json\/wp\/v2\/posts"}],"about":[{"href":"https:\/\/unionprofesionaldegalicia.org\/gl\/wp-json\/wp\/v2\/types\/post"}],"author":[{"embeddable":true,"href":"https:\/\/unionprofesionaldegalicia.org\/gl\/wp-json\/wp\/v2\/users\/2"}],"replies":[{"embeddable":true,"href":"https:\/\/unionprofesionaldegalicia.org\/gl\/wp-json\/wp\/v2\/comments?post=2219"}],"version-history":[{"count":4,"href":"https:\/\/unionprofesionaldegalicia.org\/gl\/wp-json\/wp\/v2\/posts\/2219\/revisions"}],"predecessor-version":[{"id":2225,"href":"https:\/\/unionprofesionaldegalicia.org\/gl\/wp-json\/wp\/v2\/posts\/2219\/revisions\/2225"}],"wp:featuredmedia":[{"embeddable":true,"href":"https:\/\/unionprofesionaldegalicia.org\/gl\/wp-json\/wp\/v2\/media\/2222"}],"wp:attachment":[{"href":"https:\/\/unionprofesionaldegalicia.org\/gl\/wp-json\/wp\/v2\/media?parent=2219"}],"wp:term":[{"taxonomy":"category","embeddable":true,"href":"https:\/\/unionprofesionaldegalicia.org\/gl\/wp-json\/wp\/v2\/categories?post=2219"},{"taxonomy":"post_tag","embeddable":true,"href":"https:\/\/unionprofesionaldegalicia.org\/gl\/wp-json\/wp\/v2\/tags?post=2219"}],"curies":[{"name":"wp","href":"https:\/\/api.w.org\/{rel}","templated":true}]}}