{"id":2155,"date":"2025-09-29T14:48:27","date_gmt":"2025-09-29T12:48:27","guid":{"rendered":"https:\/\/unionprofesionaldegalicia.org\/?p=2155"},"modified":"2025-09-29T14:52:11","modified_gmt":"2025-09-29T12:52:11","slug":"fernando-calvet-dia-da-ciencia-galicia-2025","status":"publish","type":"post","link":"https:\/\/unionprofesionaldegalicia.org\/gl\/fernando-calvet-dia-da-ciencia-galicia-2025\/","title":{"rendered":"D\u00eda da Ciencia: presentaci\u00f3n do libro de Fernando Calvet"},"content":{"rendered":"<p>[et_pb_section fb_built=\u00bb1&#8243; _builder_version=\u00bb4.27.4&#8243; _module_preset=\u00bbdefault\u00bb global_colors_info=\u00bb{}\u00bb custom_padding=\u00bb||0px|||\u00bb][et_pb_row _builder_version=\u00bb4.27.4&#8243; _module_preset=\u00bbdefault\u00bb global_colors_info=\u00bb{}\u00bb][et_pb_column type=\u00bb4_4&#8243; _builder_version=\u00bb4.27.4&#8243; _module_preset=\u00bbdefault\u00bb global_colors_info=\u00bb{}\u00bb][et_pb_image src=\u00bbhttps:\/\/unionprofesionaldegalicia.org\/wp-content\/uploads\/2025\/09\/Portada.jpg\u00bb title_text=\u00bbPortada\u00bb _builder_version=\u00bb4.27.4&#8243; _module_preset=\u00bbdefault\u00bb global_colors_info=\u00bb{}\u00bb][\/et_pb_image][et_pb_text _builder_version=\u00bb4.27.4&#8243; _module_preset=\u00bbdefault\u00bb global_colors_info=\u00bb{}\u00bb]<\/p>\n<h1>Presentaci\u00f3n do libro sobre Fernando Calvet no D\u00eda da Ciencia<\/h1>\n<p>[\/et_pb_text][et_pb_text _builder_version=\u00bb4.27.4&#8243; _module_preset=\u00bbdefault\u00bb global_colors_info=\u00bb{}\u00bb]<\/p>\n<p data-start=\"210\" data-end=\"548\">O vindeiro <strong data-start=\"221\" data-end=\"261\">3 de outubro de 2025, \u00e1s 12:00 horas<\/strong>, a Facultade de Qu\u00edmica da Universidade de Santiago acoller\u00e1 a presentaci\u00f3n do libro <em data-start=\"347\" data-end=\"445\">Fernando Calvet i Prats. Modernizador da qu\u00edmica e promotor da industria farmac\u00e9utica en Galicia<\/em>, no marco da celebraci\u00f3n do <strong data-start=\"474\" data-end=\"508\">D\u00eda da Ciencia en Galicia 2025<\/strong>.<\/p>\n<p data-start=\"550\" data-end=\"799\">O acto contar\u00e1 coa intervenci\u00f3n de <strong data-start=\"585\" data-end=\"606\">Juan Lema Rodicio<\/strong>, presidente da Real Academia Galega de Ciencias; <strong data-start=\"656\" data-end=\"682\">Rosario \u00c1lvarez Blanco<\/strong>, presidenta do Consello da Cultura Galega; e <strong data-start=\"728\" data-end=\"757\">Jes\u00fas Sanmart\u00edn Matalobos<\/strong>, decano da Facultade de Qu\u00edmica da USC.<\/p>\n<p data-start=\"1596\" data-end=\"1652\">\n<p>[\/et_pb_text][et_pb_image src=\u00bbhttps:\/\/unionprofesionaldegalicia.org\/wp-content\/uploads\/2025\/09\/image003.jpg\u00bb title_text=\u00bbimage003&#8243; align=\u00bbcenter\u00bb _builder_version=\u00bb4.27.4&#8243; _module_preset=\u00bbdefault\u00bb global_colors_info=\u00bb{}\u00bb][\/et_pb_image][et_pb_text _builder_version=\u00bb4.27.4&#8243; _module_preset=\u00bbdefault\u00bb global_colors_info=\u00bb{}\u00bb]<\/p>\n<p data-start=\"550\" data-end=\"799\">\n<p data-start=\"801\" data-end=\"1196\">Posteriormente, celebrarase unha <strong data-start=\"834\" data-end=\"871\">mesa redonda cos autores do libro<\/strong>, na que participar\u00e1n <strong data-start=\"893\" data-end=\"909\">Pedro Merino<\/strong> (coordinador da publicaci\u00f3n e catedr\u00e1tico em\u00e9rito da Universidade de Vigo), <strong data-start=\"986\" data-end=\"1008\">Manuel Freire Rama<\/strong> (catedr\u00e1tico de Bioqu\u00edmica e Biolox\u00eda Molecular da USC) e <strong data-start=\"1067\" data-end=\"1102\">Francisco D\u00edaz-Fierros Viqueira<\/strong> (catedr\u00e1tico de Edafolox\u00eda e Qu\u00edmica Agr\u00edcola da USC).<\/p>\n<p data-start=\"1198\" data-end=\"1594\">Fernando Calvet i Prats (1903-1988), nado en Vilafranca del Pened\u00e8s, foi un cient\u00edfico de referencia internacional e pioneiro na modernizaci\u00f3n da qu\u00edmica en Galicia. Na USC fundou o primeiro laboratorio de Qu\u00edmica Org\u00e1nica e liderou a creaci\u00f3n dos laboratorios Zeltia, desde os que se patentaron m\u00e1is dunha decena de especialidades farmac\u00e9uticas nun s\u00f3 ano.<\/p>\n<p data-start=\"1596\" data-end=\"1652\">O acto rematar\u00e1 \u00e1s 13:00 horas co peche institucional.<\/p>\n<p>[\/et_pb_text][et_pb_button button_url=\u00bbhttps:\/\/unionprofesionaldegalicia.org\/wp-content\/uploads\/2025\/09\/diptico-presentacion-libro-F.-Calvet.pdf\u00bb url_new_window=\u00bbon\u00bb button_text=\u00bbDESCARGA EL D\u00cdPTICO\u00bb button_alignment=\u00bbcenter\u00bb _builder_version=\u00bb4.27.4&#8243; _module_preset=\u00bbdefault\u00bb global_colors_info=\u00bb{}\u00bb][\/et_pb_button][et_pb_divider _builder_version=\u00bb4.27.4&#8243; _module_preset=\u00bbdefault\u00bb global_colors_info=\u00bb{}\u00bb][\/et_pb_divider][\/et_pb_column][\/et_pb_row][\/et_pb_section][et_pb_section fb_built=\u00bb1&#8243; _builder_version=\u00bb4.27.4&#8243; _module_preset=\u00bbdefault\u00bb global_colors_info=\u00bb{}\u00bb theme_builder_area=\u00bbpost_content\u00bb custom_padding=\u00bb16px|||||\u00bb][et_pb_row _builder_version=\u00bb4.27.4&#8243; _module_preset=\u00bbdefault\u00bb global_colors_info=\u00bb{}\u00bb theme_builder_area=\u00bbpost_content\u00bb][et_pb_column type=\u00bb4_4&#8243; _builder_version=\u00bb4.27.4&#8243; _module_preset=\u00bbdefault\u00bb global_colors_info=\u00bb{}\u00bb theme_builder_area=\u00bbpost_content\u00bb][et_pb_text _builder_version=\u00bb4.27.4&#8243; _module_preset=\u00bb51d87ffe-c13d-4f9f-90b4-80003b45eaf3&#8243; global_colors_info=\u00bb{}\u00bb theme_builder_area=\u00bbpost_content\u00bb]<\/p>\n<h1>\u00daltimas noticias<\/h1>\n<p>[\/et_pb_text][et_pb_blog fullwidth=\u00bboff\u00bb posts_number=\u00bb3&#8243; include_categories=\u00bball\u00bb show_author=\u00bboff\u00bb show_date=\u00bboff\u00bb show_categories=\u00bboff\u00bb show_excerpt=\u00bboff\u00bb _builder_version=\u00bb4.27.4&#8243; _module_preset=\u00bbdefault\u00bb global_colors_info=\u00bb{}\u00bb theme_builder_area=\u00bbpost_content\u00bb][\/et_pb_blog][\/et_pb_column][\/et_pb_row][\/et_pb_section]<\/p>\n","protected":false},"excerpt":{"rendered":"<p>A Facultade de Qu\u00edmica da USC acolle o 3 de outubro a presentaci\u00f3n do libro sobre Fernando Calvet, protagonista do D\u00eda da Ciencia en Galicia 2025.<\/p>","protected":false},"author":2,"featured_media":2157,"comment_status":"closed","ping_status":"open","sticky":false,"template":"","format":"standard","meta":{"_et_pb_use_builder":"on","_et_pb_old_content":"","_et_gb_content_width":"1080","footnotes":""},"categories":[41],"tags":[129,126,128,127,130],"class_list":["post-2155","post","type-post","status-publish","format-standard","has-post-thumbnail","hentry","category-noticias-union-profesional-de-galicia","tag-consello-da-cultura-galega","tag-dia-da-ciencia-en-galicia","tag-facultade-de-quimica-usc","tag-fernando-calvet","tag-real-academia-galega-de-ciencias"],"yoast_head":"<!-- This site is optimized with the Yoast SEO plugin v27.5 - https:\/\/yoast.com\/product\/yoast-seo-wordpress\/ -->\n<title>D\u00eda da Ciencia: presentaci\u00f3n do libro de Fernando Calvet - Uni\u00f3n Profesional de Galicia<\/title>\n<meta name=\"description\" content=\"A Facultade de Qu\u00edmica da USC acolle o 3 de outubro a presentaci\u00f3n do libro sobre Fernando Calvet, protagonista do D\u00eda da Ciencia en Galicia 2025.\" \/>\n<meta name=\"robots\" content=\"index, follow, max-snippet:-1, max-image-preview:large, max-video-preview:-1\" \/>\n<link rel=\"canonical\" href=\"https:\/\/unionprofesionaldegalicia.org\/gl\/fernando-calvet-dia-da-ciencia-galicia-2025\/\" \/>\n<meta property=\"og:locale\" content=\"gl_ES\" \/>\n<meta property=\"og:type\" content=\"article\" \/>\n<meta property=\"og:title\" content=\"D\u00eda da Ciencia: presentaci\u00f3n do libro de Fernando Calvet - Uni\u00f3n Profesional de Galicia\" \/>\n<meta property=\"og:description\" content=\"A Facultade de Qu\u00edmica da USC acolle o 3 de outubro a presentaci\u00f3n do libro sobre Fernando Calvet, protagonista do D\u00eda da Ciencia en Galicia 2025.\" \/>\n<meta property=\"og:url\" content=\"https:\/\/unionprofesionaldegalicia.org\/gl\/fernando-calvet-dia-da-ciencia-galicia-2025\/\" \/>\n<meta property=\"og:site_name\" content=\"Uni\u00f3n Profesional de Galicia\" \/>\n<meta property=\"article:published_time\" content=\"2025-09-29T12:48:27+00:00\" \/>\n<meta property=\"article:modified_time\" content=\"2025-09-29T12:52:11+00:00\" \/>\n<meta property=\"og:image\" content=\"https:\/\/unionprofesionaldegalicia.org\/wp-content\/uploads\/2025\/09\/Portada.jpg\" \/>\n\t<meta property=\"og:image:width\" content=\"1280\" \/>\n\t<meta property=\"og:image:height\" content=\"720\" \/>\n\t<meta property=\"og:image:type\" content=\"image\/jpeg\" \/>\n<meta name=\"author\" content=\"Miguel Fern\u00e1ndez Castro\" \/>\n<meta name=\"twitter:card\" content=\"summary_large_image\" \/>\n<meta name=\"twitter:label1\" content=\"Escrito por\" \/>\n\t<meta name=\"twitter:data1\" content=\"Miguel Fern\u00e1ndez Castro\" \/>\n\t<meta name=\"twitter:label2\" content=\"Tempo de lectura\" \/>\n\t<meta name=\"twitter:data2\" content=\"2 minutos\" \/>\n<script type=\"application\/ld+json\" class=\"yoast-schema-graph\">{\"@context\":\"https:\\\/\\\/schema.org\",\"@graph\":[{\"@type\":\"Article\",\"@id\":\"https:\\\/\\\/unionprofesionaldegalicia.org\\\/fernando-calvet-dia-da-ciencia-galicia-2025\\\/#article\",\"isPartOf\":{\"@id\":\"https:\\\/\\\/unionprofesionaldegalicia.org\\\/fernando-calvet-dia-da-ciencia-galicia-2025\\\/\"},\"author\":{\"name\":\"Miguel Fern\u00e1ndez Castro\",\"@id\":\"https:\\\/\\\/unionprofesionaldegalicia.org\\\/#\\\/schema\\\/person\\\/1f5f151f1b6733621ffef1586f99d1e0\"},\"headline\":\"D\u00eda da Ciencia: presentaci\u00f3n do libro de Fernando Calvet\",\"datePublished\":\"2025-09-29T12:48:27+00:00\",\"dateModified\":\"2025-09-29T12:52:11+00:00\",\"mainEntityOfPage\":{\"@id\":\"https:\\\/\\\/unionprofesionaldegalicia.org\\\/fernando-calvet-dia-da-ciencia-galicia-2025\\\/\"},\"wordCount\":566,\"publisher\":{\"@id\":\"https:\\\/\\\/unionprofesionaldegalicia.org\\\/#organization\"},\"image\":{\"@id\":\"https:\\\/\\\/unionprofesionaldegalicia.org\\\/fernando-calvet-dia-da-ciencia-galicia-2025\\\/#primaryimage\"},\"thumbnailUrl\":\"https:\\\/\\\/unionprofesionaldegalicia.org\\\/wp-content\\\/uploads\\\/2025\\\/09\\\/Portada.jpg\",\"keywords\":[\"Consello da Cultura Galega\",\"D\u00eda da Ciencia en Galicia\",\"Facultade de Qu\u00edmica USC\",\"Fernando Calvet\",\"Real Academia Galega de Ciencias\"],\"articleSection\":[\"Noticias Uni\u00f3n Profesional de Galicia\"],\"inLanguage\":\"gl-ES\"},{\"@type\":\"WebPage\",\"@id\":\"https:\\\/\\\/unionprofesionaldegalicia.org\\\/fernando-calvet-dia-da-ciencia-galicia-2025\\\/\",\"url\":\"https:\\\/\\\/unionprofesionaldegalicia.org\\\/fernando-calvet-dia-da-ciencia-galicia-2025\\\/\",\"name\":\"D\u00eda da Ciencia: presentaci\u00f3n do libro de Fernando Calvet - Uni\u00f3n Profesional de Galicia\",\"isPartOf\":{\"@id\":\"https:\\\/\\\/unionprofesionaldegalicia.org\\\/#website\"},\"primaryImageOfPage\":{\"@id\":\"https:\\\/\\\/unionprofesionaldegalicia.org\\\/fernando-calvet-dia-da-ciencia-galicia-2025\\\/#primaryimage\"},\"image\":{\"@id\":\"https:\\\/\\\/unionprofesionaldegalicia.org\\\/fernando-calvet-dia-da-ciencia-galicia-2025\\\/#primaryimage\"},\"thumbnailUrl\":\"https:\\\/\\\/unionprofesionaldegalicia.org\\\/wp-content\\\/uploads\\\/2025\\\/09\\\/Portada.jpg\",\"datePublished\":\"2025-09-29T12:48:27+00:00\",\"dateModified\":\"2025-09-29T12:52:11+00:00\",\"description\":\"A Facultade de Qu\u00edmica da USC acolle o 3 de outubro a presentaci\u00f3n do libro sobre Fernando Calvet, protagonista do D\u00eda da Ciencia en Galicia 2025.\",\"breadcrumb\":{\"@id\":\"https:\\\/\\\/unionprofesionaldegalicia.org\\\/fernando-calvet-dia-da-ciencia-galicia-2025\\\/#breadcrumb\"},\"inLanguage\":\"gl-ES\",\"potentialAction\":[{\"@type\":\"ReadAction\",\"target\":[\"https:\\\/\\\/unionprofesionaldegalicia.org\\\/fernando-calvet-dia-da-ciencia-galicia-2025\\\/\"]}]},{\"@type\":\"ImageObject\",\"inLanguage\":\"gl-ES\",\"@id\":\"https:\\\/\\\/unionprofesionaldegalicia.org\\\/fernando-calvet-dia-da-ciencia-galicia-2025\\\/#primaryimage\",\"url\":\"https:\\\/\\\/unionprofesionaldegalicia.org\\\/wp-content\\\/uploads\\\/2025\\\/09\\\/Portada.jpg\",\"contentUrl\":\"https:\\\/\\\/unionprofesionaldegalicia.org\\\/wp-content\\\/uploads\\\/2025\\\/09\\\/Portada.jpg\",\"width\":1280,\"height\":720},{\"@type\":\"BreadcrumbList\",\"@id\":\"https:\\\/\\\/unionprofesionaldegalicia.org\\\/fernando-calvet-dia-da-ciencia-galicia-2025\\\/#breadcrumb\",\"itemListElement\":[{\"@type\":\"ListItem\",\"position\":1,\"name\":\"Portada\",\"item\":\"https:\\\/\\\/unionprofesionaldegalicia.org\\\/\"},{\"@type\":\"ListItem\",\"position\":2,\"name\":\"D\u00eda da Ciencia: presentaci\u00f3n do libro de Fernando Calvet\"}]},{\"@type\":\"WebSite\",\"@id\":\"https:\\\/\\\/unionprofesionaldegalicia.org\\\/#website\",\"url\":\"https:\\\/\\\/unionprofesionaldegalicia.org\\\/\",\"name\":\"Uni\u00f3n Profesional de Galicia\",\"description\":\"La Uni\u00f3n Profesional de Galicia es la entidad que agrupa a 44 colegios profesionales y act\u00faa como nexo entre ellos y la Administraci\u00f3n para impulsar iniciativas que fortalecen el ejercicio profesional y mejoran la actividad judicial.\",\"publisher\":{\"@id\":\"https:\\\/\\\/unionprofesionaldegalicia.org\\\/#organization\"},\"potentialAction\":[{\"@type\":\"SearchAction\",\"target\":{\"@type\":\"EntryPoint\",\"urlTemplate\":\"https:\\\/\\\/unionprofesionaldegalicia.org\\\/?s={search_term_string}\"},\"query-input\":{\"@type\":\"PropertyValueSpecification\",\"valueRequired\":true,\"valueName\":\"search_term_string\"}}],\"inLanguage\":\"gl-ES\"},{\"@type\":\"Organization\",\"@id\":\"https:\\\/\\\/unionprofesionaldegalicia.org\\\/#organization\",\"name\":\"Uni\u00f3n Profesional de Galicia\",\"url\":\"https:\\\/\\\/unionprofesionaldegalicia.org\\\/\",\"logo\":{\"@type\":\"ImageObject\",\"inLanguage\":\"gl-ES\",\"@id\":\"https:\\\/\\\/unionprofesionaldegalicia.org\\\/#\\\/schema\\\/logo\\\/image\\\/\",\"url\":\"https:\\\/\\\/unionprofesionaldegalicia.org\\\/wp-content\\\/uploads\\\/2024\\\/12\\\/Logo-Union-Profesional.jpg\",\"contentUrl\":\"https:\\\/\\\/unionprofesionaldegalicia.org\\\/wp-content\\\/uploads\\\/2024\\\/12\\\/Logo-Union-Profesional.jpg\",\"width\":200,\"height\":71,\"caption\":\"Uni\u00f3n Profesional de Galicia\"},\"image\":{\"@id\":\"https:\\\/\\\/unionprofesionaldegalicia.org\\\/#\\\/schema\\\/logo\\\/image\\\/\"}},{\"@type\":\"Person\",\"@id\":\"https:\\\/\\\/unionprofesionaldegalicia.org\\\/#\\\/schema\\\/person\\\/1f5f151f1b6733621ffef1586f99d1e0\",\"name\":\"Miguel Fern\u00e1ndez Castro\",\"image\":{\"@type\":\"ImageObject\",\"inLanguage\":\"gl-ES\",\"@id\":\"https:\\\/\\\/secure.gravatar.com\\\/avatar\\\/56b998da338d19949582cc65096ee27ca386ba244f98bd3a6912608ca1f77a9a?s=96&d=mm&r=g\",\"url\":\"https:\\\/\\\/secure.gravatar.com\\\/avatar\\\/56b998da338d19949582cc65096ee27ca386ba244f98bd3a6912608ca1f77a9a?s=96&d=mm&r=g\",\"contentUrl\":\"https:\\\/\\\/secure.gravatar.com\\\/avatar\\\/56b998da338d19949582cc65096ee27ca386ba244f98bd3a6912608ca1f77a9a?s=96&d=mm&r=g\",\"caption\":\"Miguel Fern\u00e1ndez Castro\"},\"sameAs\":[\"https:\\\/\\\/gestudiosmultimedia.com\"],\"url\":\"https:\\\/\\\/unionprofesionaldegalicia.org\\\/gl\\\/author\\\/miguelgestudiosmultimedia-com\\\/\"}]}<\/script>\n<!-- \/ Yoast SEO plugin. -->","yoast_head_json":{"title":"D\u00eda da Ciencia: presentaci\u00f3n do libro de Fernando Calvet - Uni\u00f3n Profesional de Galicia","description":"A Facultade de Qu\u00edmica da USC acolle o 3 de outubro a presentaci\u00f3n do libro sobre Fernando Calvet, protagonista do D\u00eda da Ciencia en Galicia 2025.","robots":{"index":"index","follow":"follow","max-snippet":"max-snippet:-1","max-image-preview":"max-image-preview:large","max-video-preview":"max-video-preview:-1"},"canonical":"https:\/\/unionprofesionaldegalicia.org\/gl\/fernando-calvet-dia-da-ciencia-galicia-2025\/","og_locale":"gl_ES","og_type":"article","og_title":"D\u00eda da Ciencia: presentaci\u00f3n do libro de Fernando Calvet - Uni\u00f3n Profesional de Galicia","og_description":"A Facultade de Qu\u00edmica da USC acolle o 3 de outubro a presentaci\u00f3n do libro sobre Fernando Calvet, protagonista do D\u00eda da Ciencia en Galicia 2025.","og_url":"https:\/\/unionprofesionaldegalicia.org\/gl\/fernando-calvet-dia-da-ciencia-galicia-2025\/","og_site_name":"Uni\u00f3n Profesional de Galicia","article_published_time":"2025-09-29T12:48:27+00:00","article_modified_time":"2025-09-29T12:52:11+00:00","og_image":[{"width":1280,"height":720,"url":"https:\/\/unionprofesionaldegalicia.org\/wp-content\/uploads\/2025\/09\/Portada.jpg","type":"image\/jpeg"}],"author":"Miguel Fern\u00e1ndez Castro","twitter_card":"summary_large_image","twitter_misc":{"Escrito por":"Miguel Fern\u00e1ndez Castro","Tempo de lectura":"2 minutos"},"schema":{"@context":"https:\/\/schema.org","@graph":[{"@type":"Article","@id":"https:\/\/unionprofesionaldegalicia.org\/fernando-calvet-dia-da-ciencia-galicia-2025\/#article","isPartOf":{"@id":"https:\/\/unionprofesionaldegalicia.org\/fernando-calvet-dia-da-ciencia-galicia-2025\/"},"author":{"name":"Miguel Fern\u00e1ndez Castro","@id":"https:\/\/unionprofesionaldegalicia.org\/#\/schema\/person\/1f5f151f1b6733621ffef1586f99d1e0"},"headline":"D\u00eda da Ciencia: presentaci\u00f3n do libro de Fernando Calvet","datePublished":"2025-09-29T12:48:27+00:00","dateModified":"2025-09-29T12:52:11+00:00","mainEntityOfPage":{"@id":"https:\/\/unionprofesionaldegalicia.org\/fernando-calvet-dia-da-ciencia-galicia-2025\/"},"wordCount":566,"publisher":{"@id":"https:\/\/unionprofesionaldegalicia.org\/#organization"},"image":{"@id":"https:\/\/unionprofesionaldegalicia.org\/fernando-calvet-dia-da-ciencia-galicia-2025\/#primaryimage"},"thumbnailUrl":"https:\/\/unionprofesionaldegalicia.org\/wp-content\/uploads\/2025\/09\/Portada.jpg","keywords":["Consello da Cultura Galega","D\u00eda da Ciencia en Galicia","Facultade de Qu\u00edmica USC","Fernando Calvet","Real Academia Galega de Ciencias"],"articleSection":["Noticias Uni\u00f3n Profesional de Galicia"],"inLanguage":"gl-ES"},{"@type":"WebPage","@id":"https:\/\/unionprofesionaldegalicia.org\/fernando-calvet-dia-da-ciencia-galicia-2025\/","url":"https:\/\/unionprofesionaldegalicia.org\/fernando-calvet-dia-da-ciencia-galicia-2025\/","name":"D\u00eda da Ciencia: presentaci\u00f3n do libro de Fernando Calvet - Uni\u00f3n Profesional de Galicia","isPartOf":{"@id":"https:\/\/unionprofesionaldegalicia.org\/#website"},"primaryImageOfPage":{"@id":"https:\/\/unionprofesionaldegalicia.org\/fernando-calvet-dia-da-ciencia-galicia-2025\/#primaryimage"},"image":{"@id":"https:\/\/unionprofesionaldegalicia.org\/fernando-calvet-dia-da-ciencia-galicia-2025\/#primaryimage"},"thumbnailUrl":"https:\/\/unionprofesionaldegalicia.org\/wp-content\/uploads\/2025\/09\/Portada.jpg","datePublished":"2025-09-29T12:48:27+00:00","dateModified":"2025-09-29T12:52:11+00:00","description":"A Facultade de Qu\u00edmica da USC acolle o 3 de outubro a presentaci\u00f3n do libro sobre Fernando Calvet, protagonista do D\u00eda da Ciencia en Galicia 2025.","breadcrumb":{"@id":"https:\/\/unionprofesionaldegalicia.org\/fernando-calvet-dia-da-ciencia-galicia-2025\/#breadcrumb"},"inLanguage":"gl-ES","potentialAction":[{"@type":"ReadAction","target":["https:\/\/unionprofesionaldegalicia.org\/fernando-calvet-dia-da-ciencia-galicia-2025\/"]}]},{"@type":"ImageObject","inLanguage":"gl-ES","@id":"https:\/\/unionprofesionaldegalicia.org\/fernando-calvet-dia-da-ciencia-galicia-2025\/#primaryimage","url":"https:\/\/unionprofesionaldegalicia.org\/wp-content\/uploads\/2025\/09\/Portada.jpg","contentUrl":"https:\/\/unionprofesionaldegalicia.org\/wp-content\/uploads\/2025\/09\/Portada.jpg","width":1280,"height":720},{"@type":"BreadcrumbList","@id":"https:\/\/unionprofesionaldegalicia.org\/fernando-calvet-dia-da-ciencia-galicia-2025\/#breadcrumb","itemListElement":[{"@type":"ListItem","position":1,"name":"Portada","item":"https:\/\/unionprofesionaldegalicia.org\/"},{"@type":"ListItem","position":2,"name":"D\u00eda da Ciencia: presentaci\u00f3n do libro de Fernando Calvet"}]},{"@type":"WebSite","@id":"https:\/\/unionprofesionaldegalicia.org\/#website","url":"https:\/\/unionprofesionaldegalicia.org\/","name":"Uni\u00f3n Profesional de Galicia","description":"La Uni\u00f3n Profesional de Galicia es la entidad que agrupa a 44 colegios profesionales y act\u00faa como nexo entre ellos y la Administraci\u00f3n para impulsar iniciativas que fortalecen el ejercicio profesional y mejoran la actividad judicial.","publisher":{"@id":"https:\/\/unionprofesionaldegalicia.org\/#organization"},"potentialAction":[{"@type":"SearchAction","target":{"@type":"EntryPoint","urlTemplate":"https:\/\/unionprofesionaldegalicia.org\/?s={search_term_string}"},"query-input":{"@type":"PropertyValueSpecification","valueRequired":true,"valueName":"search_term_string"}}],"inLanguage":"gl-ES"},{"@type":"Organization","@id":"https:\/\/unionprofesionaldegalicia.org\/#organization","name":"Uni\u00f3n Profesional de Galicia","url":"https:\/\/unionprofesionaldegalicia.org\/","logo":{"@type":"ImageObject","inLanguage":"gl-ES","@id":"https:\/\/unionprofesionaldegalicia.org\/#\/schema\/logo\/image\/","url":"https:\/\/unionprofesionaldegalicia.org\/wp-content\/uploads\/2024\/12\/Logo-Union-Profesional.jpg","contentUrl":"https:\/\/unionprofesionaldegalicia.org\/wp-content\/uploads\/2024\/12\/Logo-Union-Profesional.jpg","width":200,"height":71,"caption":"Uni\u00f3n Profesional de Galicia"},"image":{"@id":"https:\/\/unionprofesionaldegalicia.org\/#\/schema\/logo\/image\/"}},{"@type":"Person","@id":"https:\/\/unionprofesionaldegalicia.org\/#\/schema\/person\/1f5f151f1b6733621ffef1586f99d1e0","name":"Miguel Fern\u00e1ndez Castro","image":{"@type":"ImageObject","inLanguage":"gl-ES","@id":"https:\/\/secure.gravatar.com\/avatar\/56b998da338d19949582cc65096ee27ca386ba244f98bd3a6912608ca1f77a9a?s=96&d=mm&r=g","url":"https:\/\/secure.gravatar.com\/avatar\/56b998da338d19949582cc65096ee27ca386ba244f98bd3a6912608ca1f77a9a?s=96&d=mm&r=g","contentUrl":"https:\/\/secure.gravatar.com\/avatar\/56b998da338d19949582cc65096ee27ca386ba244f98bd3a6912608ca1f77a9a?s=96&d=mm&r=g","caption":"Miguel Fern\u00e1ndez Castro"},"sameAs":["https:\/\/gestudiosmultimedia.com"],"url":"https:\/\/unionprofesionaldegalicia.org\/gl\/author\/miguelgestudiosmultimedia-com\/"}]}},"_links":{"self":[{"href":"https:\/\/unionprofesionaldegalicia.org\/gl\/wp-json\/wp\/v2\/posts\/2155","targetHints":{"allow":["GET"]}}],"collection":[{"href":"https:\/\/unionprofesionaldegalicia.org\/gl\/wp-json\/wp\/v2\/posts"}],"about":[{"href":"https:\/\/unionprofesionaldegalicia.org\/gl\/wp-json\/wp\/v2\/types\/post"}],"author":[{"embeddable":true,"href":"https:\/\/unionprofesionaldegalicia.org\/gl\/wp-json\/wp\/v2\/users\/2"}],"replies":[{"embeddable":true,"href":"https:\/\/unionprofesionaldegalicia.org\/gl\/wp-json\/wp\/v2\/comments?post=2155"}],"version-history":[{"count":7,"href":"https:\/\/unionprofesionaldegalicia.org\/gl\/wp-json\/wp\/v2\/posts\/2155\/revisions"}],"predecessor-version":[{"id":2168,"href":"https:\/\/unionprofesionaldegalicia.org\/gl\/wp-json\/wp\/v2\/posts\/2155\/revisions\/2168"}],"wp:featuredmedia":[{"embeddable":true,"href":"https:\/\/unionprofesionaldegalicia.org\/gl\/wp-json\/wp\/v2\/media\/2157"}],"wp:attachment":[{"href":"https:\/\/unionprofesionaldegalicia.org\/gl\/wp-json\/wp\/v2\/media?parent=2155"}],"wp:term":[{"taxonomy":"category","embeddable":true,"href":"https:\/\/unionprofesionaldegalicia.org\/gl\/wp-json\/wp\/v2\/categories?post=2155"},{"taxonomy":"post_tag","embeddable":true,"href":"https:\/\/unionprofesionaldegalicia.org\/gl\/wp-json\/wp\/v2\/tags?post=2155"}],"curies":[{"name":"wp","href":"https:\/\/api.w.org\/{rel}","templated":true}]}}