{"id":1302,"date":"2025-04-16T10:02:07","date_gmt":"2025-04-16T08:02:07","guid":{"rendered":"https:\/\/unionprofesionaldegalicia.org\/?p=1302"},"modified":"2025-04-16T10:50:51","modified_gmt":"2025-04-16T08:50:51","slug":"el-exito-de-xuventude-mentoring","status":"publish","type":"post","link":"https:\/\/unionprofesionaldegalicia.org\/gl\/el-exito-de-xuventude-mentoring\/","title":{"rendered":"El \u00e9xito de\u00a0Xuventude Mentoring"},"content":{"rendered":"<p>[et_pb_section fb_built=\u00bb1&#8243; _builder_version=\u00bb4.27.4&#8243; _module_preset=\u00bbdefault\u00bb global_colors_info=\u00bb{}\u00bb][et_pb_row _builder_version=\u00bb4.27.4&#8243; _module_preset=\u00bbdefault\u00bb global_colors_info=\u00bb{}\u00bb][et_pb_column type=\u00bb4_4&#8243; _builder_version=\u00bb4.27.4&#8243; _module_preset=\u00bbdefault\u00bb global_colors_info=\u00bb{}\u00bb][et_pb_image src=\u00bbhttps:\/\/unionprofesionaldegalicia.org\/wp-content\/uploads\/2025\/04\/Encontro-formativo-Union-Profesional_0003_7b4b74af-54f8-49a1-bb58-c5347a0fe14d.jpg\u00bb title_text=\u00bbEncontro formativo Unio\u0301n Profesional_0003_7b4b74af-54f8-49a1-bb58-c5347a0fe14d\u00bb _builder_version=\u00bb4.27.4&#8243; _module_preset=\u00bbdefault\u00bb global_colors_info=\u00bb{}\u00bb][\/et_pb_image][et_pb_text _builder_version=\u00bb4.27.4&#8243; _module_preset=\u00bbdefault\u00bb hover_enabled=\u00bb0&#8243; global_colors_info=\u00bb{}\u00bb header_text_color=\u00bb#000000&#8243; sticky_enabled=\u00bb0&#8243;]<\/p>\n<h1><span>El \u00e9xito del programa\u00a0<i>Xuventude Mentoring<\/i><\/span><span><\/span><\/h1>\n<p>[\/et_pb_text][et_pb_text _builder_version=\u00bb4.27.4&#8243; _module_preset=\u00bbdefault\u00bb text_font_size=\u00bb15px\u00bb global_colors_info=\u00bb{}\u00bb header_text_color=\u00bb#000000&#8243;]<\/p>\n<p class=\"p1\">Uni\u00f3n Profesional de Galicia, <span class=\"s1\">asociaci\u00f3n que representa los intereses comunes de 44 Colegios Profesionales de Galicia de diferentes \u00e1mbitos y de m\u00e1s de 70.000 profesionales colegiados que ejercen en nuestra comunidad aut\u00f3noma, acaba de sumarse a Xuventude Mentoring, <\/span>un programa integral de formaci\u00f3n y acompa\u00f1amiento personalizado que busca facilitar la transici\u00f3n de la juventud hacia el mercado laboral<span class=\"s1\">.<\/span><\/p>\n<p class=\"p1\">La iniciativa promovida por la Conseller\u00eda de Cultura, Lingua e Xuventude, cuenta con la colaboraci\u00f3n del Consorcio Interuniversitario del Sistema Universitario de Galicia y las tres universidades gallegas:<\/p>\n<ul>\n<li class=\"p1\">Universidade de Santiago de Compostela,<\/li>\n<li class=\"p1\">Universidade de Vigo<\/li>\n<li class=\"p1\">y Universidade da Coru\u00f1a.<\/li>\n<\/ul>\n<p>Adem\u00e1s, tiene el apoyo de diversas asociaciones profesionales, fundaciones, ayuntamientos y empresas, que participan activamente tanto en el desarrollo de las acciones formativas como en la acogida de participantes y en la consolidaci\u00f3n de una red s\u00f3lida de mentores y mentoras comprometidas con el futuro de la juventud.<\/p>\n<p class=\"p1\">El\u00a0<i>Xuventude Mentoring<\/i> es un programa integral de formaci\u00f3n y acompa\u00f1amiento personalizado que busca facilitar la transici\u00f3n de la juventud hacia el mercado laboral. Dirigido a personas j\u00f3venes tituladas e inscritas en el Sistema Nacional de Garant\u00eda Juvenil, ofrece tutor\u00edas individualizadas, orientaci\u00f3n profesional por parte de mentores expertos en su sector, formaci\u00f3n en competencias clave para el empleo \u00abincluyendo habilidades digitales, inteligencia artificial y competencias ling\u00fc\u00edsticas\u00bb, as\u00ed como actividades de networking y visitas a empresas.<\/p>\n<p class=\"p1\">La metodolog\u00eda del programa se basa en el apoyo continuado de una persona tutora y en la vinculaci\u00f3n directa con el tejido empresarial gallego, lo que permite conocer de primera mano el funcionamiento del mundo laboral y ampliar redes de contacto profesionales. Esta combinaci\u00f3n de aprendizaje pr\u00e1ctico, gu\u00eda profesional e inmersi\u00f3n en el ecosistema empresarial convierte el programa en una herramienta de alto impacto para la empleabilidad juvenil en Galicia.<\/p>\n<p class=\"p4\">\n<p>[\/et_pb_text][\/et_pb_column][\/et_pb_row][et_pb_row column_structure=\u00bb1_2,1_2&#8243; _builder_version=\u00bb4.27.4&#8243; _module_preset=\u00bbdefault\u00bb global_colors_info=\u00bb{}\u00bb][et_pb_column type=\u00bb1_2&#8243; _builder_version=\u00bb4.27.4&#8243; _module_preset=\u00bbdefault\u00bb global_colors_info=\u00bb{}\u00bb][et_pb_image src=\u00bbhttps:\/\/unionprofesionaldegalicia.org\/wp-content\/uploads\/2025\/04\/Encontro-formativo-Union-Profesional_0002_78c3132f-902c-4aec-8758-1e3f07eba6a3.jpg\u00bb title_text=\u00bbEncontro formativo Unio\u0301n Profesional_0002_78c3132f-902c-4aec-8758-1e3f07eba6a3&#8243; _builder_version=\u00bb4.27.4&#8243; _module_preset=\u00bbdefault\u00bb global_colors_info=\u00bb{}\u00bb][\/et_pb_image][et_pb_image src=\u00bbhttps:\/\/unionprofesionaldegalicia.org\/wp-content\/uploads\/2025\/04\/Encontro-formativo-Union-Profesional_0001_80e58d04-080a-4aa0-aedc-63de1da566db.jpg\u00bb title_text=\u00bbEncontro formativo Unio\u0301n Profesional_0001_80e58d04-080a-4aa0-aedc-63de1da566db\u00bb _builder_version=\u00bb4.27.4&#8243; _module_preset=\u00bbdefault\u00bb global_colors_info=\u00bb{}\u00bb][\/et_pb_image][\/et_pb_column][et_pb_column type=\u00bb1_2&#8243; _builder_version=\u00bb4.27.4&#8243; _module_preset=\u00bbdefault\u00bb global_colors_info=\u00bb{}\u00bb][et_pb_image src=\u00bbhttps:\/\/unionprofesionaldegalicia.org\/wp-content\/uploads\/2025\/04\/Encontro-formativo-Union-Profesional_0004_0f0ffebf-c962-461f-af2f-e992d0cc08c4.jpg\u00bb title_text=\u00bbEncontro formativo Unio\u0301n Profesional_0004_0f0ffebf-c962-461f-af2f-e992d0cc08c4&#8243; _builder_version=\u00bb4.27.4&#8243; _module_preset=\u00bbdefault\u00bb global_colors_info=\u00bb{}\u00bb][\/et_pb_image][et_pb_image src=\u00bbhttps:\/\/unionprofesionaldegalicia.org\/wp-content\/uploads\/2025\/04\/Encontro-formativo-Union-Profesional_0000_IMG_1259.jpg\u00bb title_text=\u00bbEncontro formativo Unio\u0301n Profesional_0000_IMG_1259&#8243; _builder_version=\u00bb4.27.4&#8243; _module_preset=\u00bbdefault\u00bb global_colors_info=\u00bb{}\u00bb][\/et_pb_image][\/et_pb_column][\/et_pb_row][et_pb_row _builder_version=\u00bb4.27.4&#8243; _module_preset=\u00bbdefault\u00bb global_colors_info=\u00bb{}\u00bb][et_pb_column type=\u00bb4_4&#8243; _builder_version=\u00bb4.27.4&#8243; _module_preset=\u00bbdefault\u00bb global_colors_info=\u00bb{}\u00bb][et_pb_text _builder_version=\u00bb4.27.4&#8243; _module_preset=\u00bbdefault\u00bb text_font_size=\u00bb15px\u00bb global_colors_info=\u00bb{}\u00bb header_text_color=\u00bb#000000&#8243;]<\/p>\n<h3 class=\"p2\"><strong>M\u00e1s de 100 participantes<\/strong><\/h3>\n<p class=\"p2\">La vicepresidenta de Uni\u00f3n Profesional de Galicia, Rosa \u00c1lvarez Prada; y la secretaria general de la asociaci\u00f3n, Patricia V\u00e9rez Cotelo, participaron el 11 de abril de 2025 en el encuentro con personas mentoras del programa Xuventude Mentoring, que tuvo lugar en la Cidade de Cultura de Santiago de Compostela con la presencia de m\u00e1s de 100 personas participantes en alguna de las seis ediciones celebradas. Al acto acudi\u00f3 el <span class=\"s2\">conselleiro de Cultura, Lingua e Xuventude, Jos\u00e9 L\u00f3pez Campos, acompa\u00f1ado por la directora xeral de Xuventude, Lara Meneses.<\/span><\/p>\n<p class=\"p2\"><span class=\"s2\">Las dos integrantes de la Junta de Gobierno de Uni\u00f3n Profesional de Galicia tuvieron tambi\u00e9n la ocasi\u00f3n de conversar con Manuel Mosquera Viso, gerente del Consorcio Interuniversitario de Galicia.<\/span><\/p>\n<p class=\"p1\">Durante el acto, en el que se entregaron trofeos conmemorativos a todas las personas mentoras y tutoras, el responsable auton\u00f3mico de juventud agradeci\u00f3 la labor altruista y la implicaci\u00f3n en la mejora de las oportunidades de la juventud gallega. \u00abTodos los que est\u00e1is aqu\u00ed sois aut\u00e9nticos referentes para una generaci\u00f3n que busca caminos, apoyo y confianza. Vuestra labor puede ser un punto de inflexi\u00f3n en el paso a la vida profesional de una joven o de un juven\u00bb, afirm\u00f3 el conselleiro.<\/p>\n<p class=\"p1\">En este sentido, el conselleiro puso en valor los resultados de este programa, que cuenta con una tasa media de inserci\u00f3n laboral superior al 64 por ciento y que ya ha beneficiado a m\u00e1s de 1.000 participantes. \u00abEstas cifras muestran nuestra apuesta por el programa Mentoring est\u00e1 consolidada y los datos contin\u00faan mejorando cada a\u00f1o\u00bb.<\/p>\n<h3 class=\"p4\"><b>Esfuerzo inversor<\/b><\/h3>\n<p class=\"p4\">El programa\u00a0<i>Xuventude Mentoring<\/i>, junto con su variante en la Empresa, supone tambi\u00e9n un esfuerzo significativo de gesti\u00f3n e inversi\u00f3n por parte de la Xunta de Galicia, que ha destinado ya m\u00e1s de 6,5 millones de euros para su ejecuci\u00f3n como parte del programa cofinanciado por el FSE+ Galicia 2021-2027.<\/p>\n<p class=\"p4\">Estos fondos permiten ofrecer formaci\u00f3n de calidad, bolsas remuneradas, acompa\u00f1amiento personalizado y el establecimiento de una s\u00f3lida red de mentores y empresas colaboradoras en toda Galicia.<\/p>\n<p class=\"p4\">La elevada tasa de inserci\u00f3n laboral demuestra el alto retorno social y econ\u00f3mico del programa, que consigue transformar recursos p\u00fablicos en oportunidades reales de empleo, generando un impacto positivo tanto en la vida de la juventud participante como en el tejido productivo gallego.<\/p>\n<p>[\/et_pb_text][et_pb_button button_text=\u00bbConoce el programa\u00bb _builder_version=\u00bb4.27.4&#8243; _module_preset=\u00bbdefault\u00bb button_alignment=\u00bbcenter\u00bb hover_enabled=\u00bb0&#8243; sticky_enabled=\u00bb0&#8243; button_url=\u00bbhttps:\/\/www.xuventudementoring.gal\/\u00bb url_new_window=\u00bbon\u00bb][\/et_pb_button][\/et_pb_column][\/et_pb_row][et_pb_row _builder_version=\u00bb4.27.4&#8243; _module_preset=\u00bbdefault\u00bb global_colors_info=\u00bb{}\u00bb][et_pb_column type=\u00bb4_4&#8243; _builder_version=\u00bb4.27.4&#8243; _module_preset=\u00bbdefault\u00bb global_colors_info=\u00bb{}\u00bb][et_pb_divider _builder_version=\u00bb4.27.4&#8243; _module_preset=\u00bbdefault\u00bb global_colors_info=\u00bb{}\u00bb][\/et_pb_divider][\/et_pb_column][\/et_pb_row][\/et_pb_section]<\/p>\n","protected":false},"excerpt":{"rendered":"<p>El \u00e9xito de\u00a0Xuventude Mentoring<\/p>","protected":false},"author":2,"featured_media":1309,"comment_status":"closed","ping_status":"open","sticky":false,"template":"","format":"standard","meta":{"_et_pb_use_builder":"on","_et_pb_old_content":"","_et_gb_content_width":"","footnotes":""},"categories":[41],"tags":[16,17,18,15,14,19],"class_list":["post-1302","post","type-post","status-publish","format-standard","has-post-thumbnail","hentry","category-noticias-union-profesional-de-galicia","tag-compromiso-social","tag-eventos-upg","tag-excelencia-profesional","tag-innovacion-tecnologica","tag-simposium-2025","tag-union-profesional-de-galicia"],"yoast_head":"<!-- This site is optimized with the Yoast SEO plugin v27.4 - https:\/\/yoast.com\/product\/yoast-seo-wordpress\/ -->\n<title>El \u00e9xito de\u00a0Xuventude Mentoring - Uni\u00f3n Profesional de Galicia<\/title>\n<meta name=\"robots\" content=\"index, follow, max-snippet:-1, max-image-preview:large, max-video-preview:-1\" \/>\n<link rel=\"canonical\" href=\"https:\/\/unionprofesionaldegalicia.org\/gl\/el-exito-de-xuventude-mentoring\/\" \/>\n<meta property=\"og:locale\" content=\"gl_ES\" \/>\n<meta property=\"og:type\" content=\"article\" \/>\n<meta property=\"og:title\" content=\"El \u00e9xito de\u00a0Xuventude Mentoring - Uni\u00f3n Profesional de Galicia\" \/>\n<meta property=\"og:description\" content=\"El \u00e9xito de\u00a0Xuventude Mentoring\" \/>\n<meta property=\"og:url\" content=\"https:\/\/unionprofesionaldegalicia.org\/gl\/el-exito-de-xuventude-mentoring\/\" \/>\n<meta property=\"og:site_name\" content=\"Uni\u00f3n Profesional de Galicia\" \/>\n<meta property=\"article:published_time\" content=\"2025-04-16T08:02:07+00:00\" \/>\n<meta property=\"article:modified_time\" content=\"2025-04-16T08:50:51+00:00\" \/>\n<meta property=\"og:image\" content=\"https:\/\/unionprofesionaldegalicia.org\/wp-content\/uploads\/2025\/04\/Encontro-formativo-Union-Profesional_0003_7b4b74af-54f8-49a1-bb58-c5347a0fe14d.jpg\" \/>\n\t<meta property=\"og:image:width\" content=\"1280\" \/>\n\t<meta property=\"og:image:height\" content=\"720\" \/>\n\t<meta property=\"og:image:type\" content=\"image\/jpeg\" \/>\n<meta name=\"author\" content=\"Miguel Fern\u00e1ndez Castro\" \/>\n<meta name=\"twitter:card\" content=\"summary_large_image\" \/>\n<meta name=\"twitter:label1\" content=\"Escrito por\" \/>\n\t<meta name=\"twitter:data1\" content=\"Miguel Fern\u00e1ndez Castro\" \/>\n\t<meta name=\"twitter:label2\" content=\"Tempo de lectura\" \/>\n\t<meta name=\"twitter:data2\" content=\"3 minutos\" \/>\n<script type=\"application\/ld+json\" class=\"yoast-schema-graph\">{\"@context\":\"https:\\\/\\\/schema.org\",\"@graph\":[{\"@type\":\"Article\",\"@id\":\"https:\\\/\\\/unionprofesionaldegalicia.org\\\/el-exito-de-xuventude-mentoring\\\/#article\",\"isPartOf\":{\"@id\":\"https:\\\/\\\/unionprofesionaldegalicia.org\\\/el-exito-de-xuventude-mentoring\\\/\"},\"author\":{\"name\":\"Miguel Fern\u00e1ndez Castro\",\"@id\":\"https:\\\/\\\/unionprofesionaldegalicia.org\\\/#\\\/schema\\\/person\\\/1f5f151f1b6733621ffef1586f99d1e0\"},\"headline\":\"El \u00e9xito de\u00a0Xuventude Mentoring\",\"datePublished\":\"2025-04-16T08:02:07+00:00\",\"dateModified\":\"2025-04-16T08:50:51+00:00\",\"mainEntityOfPage\":{\"@id\":\"https:\\\/\\\/unionprofesionaldegalicia.org\\\/el-exito-de-xuventude-mentoring\\\/\"},\"wordCount\":1209,\"publisher\":{\"@id\":\"https:\\\/\\\/unionprofesionaldegalicia.org\\\/#organization\"},\"image\":{\"@id\":\"https:\\\/\\\/unionprofesionaldegalicia.org\\\/el-exito-de-xuventude-mentoring\\\/#primaryimage\"},\"thumbnailUrl\":\"https:\\\/\\\/unionprofesionaldegalicia.org\\\/wp-content\\\/uploads\\\/2025\\\/04\\\/Encontro-formativo-Union-Profesional_0003_7b4b74af-54f8-49a1-bb58-c5347a0fe14d.jpg\",\"keywords\":[\"Compromiso social\",\"Eventos UPG\",\"Excelencia profesional\",\"Innovaci\u00f3n tecnol\u00f3gica\",\"Simposium 2025\",\"Uni\u00f3n Profesional de Galicia\"],\"articleSection\":[\"Noticias Uni\u00f3n Profesional de Galicia\"],\"inLanguage\":\"gl-ES\"},{\"@type\":\"WebPage\",\"@id\":\"https:\\\/\\\/unionprofesionaldegalicia.org\\\/el-exito-de-xuventude-mentoring\\\/\",\"url\":\"https:\\\/\\\/unionprofesionaldegalicia.org\\\/el-exito-de-xuventude-mentoring\\\/\",\"name\":\"El \u00e9xito de\u00a0Xuventude Mentoring - Uni\u00f3n Profesional de Galicia\",\"isPartOf\":{\"@id\":\"https:\\\/\\\/unionprofesionaldegalicia.org\\\/#website\"},\"primaryImageOfPage\":{\"@id\":\"https:\\\/\\\/unionprofesionaldegalicia.org\\\/el-exito-de-xuventude-mentoring\\\/#primaryimage\"},\"image\":{\"@id\":\"https:\\\/\\\/unionprofesionaldegalicia.org\\\/el-exito-de-xuventude-mentoring\\\/#primaryimage\"},\"thumbnailUrl\":\"https:\\\/\\\/unionprofesionaldegalicia.org\\\/wp-content\\\/uploads\\\/2025\\\/04\\\/Encontro-formativo-Union-Profesional_0003_7b4b74af-54f8-49a1-bb58-c5347a0fe14d.jpg\",\"datePublished\":\"2025-04-16T08:02:07+00:00\",\"dateModified\":\"2025-04-16T08:50:51+00:00\",\"breadcrumb\":{\"@id\":\"https:\\\/\\\/unionprofesionaldegalicia.org\\\/el-exito-de-xuventude-mentoring\\\/#breadcrumb\"},\"inLanguage\":\"gl-ES\",\"potentialAction\":[{\"@type\":\"ReadAction\",\"target\":[\"https:\\\/\\\/unionprofesionaldegalicia.org\\\/el-exito-de-xuventude-mentoring\\\/\"]}]},{\"@type\":\"ImageObject\",\"inLanguage\":\"gl-ES\",\"@id\":\"https:\\\/\\\/unionprofesionaldegalicia.org\\\/el-exito-de-xuventude-mentoring\\\/#primaryimage\",\"url\":\"https:\\\/\\\/unionprofesionaldegalicia.org\\\/wp-content\\\/uploads\\\/2025\\\/04\\\/Encontro-formativo-Union-Profesional_0003_7b4b74af-54f8-49a1-bb58-c5347a0fe14d.jpg\",\"contentUrl\":\"https:\\\/\\\/unionprofesionaldegalicia.org\\\/wp-content\\\/uploads\\\/2025\\\/04\\\/Encontro-formativo-Union-Profesional_0003_7b4b74af-54f8-49a1-bb58-c5347a0fe14d.jpg\",\"width\":1280,\"height\":720},{\"@type\":\"BreadcrumbList\",\"@id\":\"https:\\\/\\\/unionprofesionaldegalicia.org\\\/el-exito-de-xuventude-mentoring\\\/#breadcrumb\",\"itemListElement\":[{\"@type\":\"ListItem\",\"position\":1,\"name\":\"Portada\",\"item\":\"https:\\\/\\\/unionprofesionaldegalicia.org\\\/\"},{\"@type\":\"ListItem\",\"position\":2,\"name\":\"El \u00e9xito de\u00a0Xuventude Mentoring\"}]},{\"@type\":\"WebSite\",\"@id\":\"https:\\\/\\\/unionprofesionaldegalicia.org\\\/#website\",\"url\":\"https:\\\/\\\/unionprofesionaldegalicia.org\\\/\",\"name\":\"Uni\u00f3n Profesional de Galicia\",\"description\":\"La Uni\u00f3n Profesional de Galicia es la entidad que agrupa a 44 colegios profesionales y act\u00faa como nexo entre ellos y la Administraci\u00f3n para impulsar iniciativas que fortalecen el ejercicio profesional y mejoran la actividad judicial.\",\"publisher\":{\"@id\":\"https:\\\/\\\/unionprofesionaldegalicia.org\\\/#organization\"},\"potentialAction\":[{\"@type\":\"SearchAction\",\"target\":{\"@type\":\"EntryPoint\",\"urlTemplate\":\"https:\\\/\\\/unionprofesionaldegalicia.org\\\/?s={search_term_string}\"},\"query-input\":{\"@type\":\"PropertyValueSpecification\",\"valueRequired\":true,\"valueName\":\"search_term_string\"}}],\"inLanguage\":\"gl-ES\"},{\"@type\":\"Organization\",\"@id\":\"https:\\\/\\\/unionprofesionaldegalicia.org\\\/#organization\",\"name\":\"Uni\u00f3n Profesional de Galicia\",\"url\":\"https:\\\/\\\/unionprofesionaldegalicia.org\\\/\",\"logo\":{\"@type\":\"ImageObject\",\"inLanguage\":\"gl-ES\",\"@id\":\"https:\\\/\\\/unionprofesionaldegalicia.org\\\/#\\\/schema\\\/logo\\\/image\\\/\",\"url\":\"https:\\\/\\\/unionprofesionaldegalicia.org\\\/wp-content\\\/uploads\\\/2024\\\/12\\\/Logo-Union-Profesional.jpg\",\"contentUrl\":\"https:\\\/\\\/unionprofesionaldegalicia.org\\\/wp-content\\\/uploads\\\/2024\\\/12\\\/Logo-Union-Profesional.jpg\",\"width\":200,\"height\":71,\"caption\":\"Uni\u00f3n Profesional de Galicia\"},\"image\":{\"@id\":\"https:\\\/\\\/unionprofesionaldegalicia.org\\\/#\\\/schema\\\/logo\\\/image\\\/\"}},{\"@type\":\"Person\",\"@id\":\"https:\\\/\\\/unionprofesionaldegalicia.org\\\/#\\\/schema\\\/person\\\/1f5f151f1b6733621ffef1586f99d1e0\",\"name\":\"Miguel Fern\u00e1ndez Castro\",\"image\":{\"@type\":\"ImageObject\",\"inLanguage\":\"gl-ES\",\"@id\":\"https:\\\/\\\/secure.gravatar.com\\\/avatar\\\/56b998da338d19949582cc65096ee27ca386ba244f98bd3a6912608ca1f77a9a?s=96&d=mm&r=g\",\"url\":\"https:\\\/\\\/secure.gravatar.com\\\/avatar\\\/56b998da338d19949582cc65096ee27ca386ba244f98bd3a6912608ca1f77a9a?s=96&d=mm&r=g\",\"contentUrl\":\"https:\\\/\\\/secure.gravatar.com\\\/avatar\\\/56b998da338d19949582cc65096ee27ca386ba244f98bd3a6912608ca1f77a9a?s=96&d=mm&r=g\",\"caption\":\"Miguel Fern\u00e1ndez Castro\"},\"sameAs\":[\"https:\\\/\\\/gestudiosmultimedia.com\"],\"url\":\"https:\\\/\\\/unionprofesionaldegalicia.org\\\/gl\\\/author\\\/miguelgestudiosmultimedia-com\\\/\"}]}<\/script>\n<!-- \/ Yoast SEO plugin. -->","yoast_head_json":{"title":"El \u00e9xito de\u00a0Xuventude Mentoring - Uni\u00f3n Profesional de Galicia","robots":{"index":"index","follow":"follow","max-snippet":"max-snippet:-1","max-image-preview":"max-image-preview:large","max-video-preview":"max-video-preview:-1"},"canonical":"https:\/\/unionprofesionaldegalicia.org\/gl\/el-exito-de-xuventude-mentoring\/","og_locale":"gl_ES","og_type":"article","og_title":"El \u00e9xito de\u00a0Xuventude Mentoring - Uni\u00f3n Profesional de Galicia","og_description":"El \u00e9xito de\u00a0Xuventude Mentoring","og_url":"https:\/\/unionprofesionaldegalicia.org\/gl\/el-exito-de-xuventude-mentoring\/","og_site_name":"Uni\u00f3n Profesional de Galicia","article_published_time":"2025-04-16T08:02:07+00:00","article_modified_time":"2025-04-16T08:50:51+00:00","og_image":[{"width":1280,"height":720,"url":"https:\/\/unionprofesionaldegalicia.org\/wp-content\/uploads\/2025\/04\/Encontro-formativo-Union-Profesional_0003_7b4b74af-54f8-49a1-bb58-c5347a0fe14d.jpg","type":"image\/jpeg"}],"author":"Miguel Fern\u00e1ndez Castro","twitter_card":"summary_large_image","twitter_misc":{"Escrito por":"Miguel Fern\u00e1ndez Castro","Tempo de lectura":"3 minutos"},"schema":{"@context":"https:\/\/schema.org","@graph":[{"@type":"Article","@id":"https:\/\/unionprofesionaldegalicia.org\/el-exito-de-xuventude-mentoring\/#article","isPartOf":{"@id":"https:\/\/unionprofesionaldegalicia.org\/el-exito-de-xuventude-mentoring\/"},"author":{"name":"Miguel Fern\u00e1ndez Castro","@id":"https:\/\/unionprofesionaldegalicia.org\/#\/schema\/person\/1f5f151f1b6733621ffef1586f99d1e0"},"headline":"El \u00e9xito de\u00a0Xuventude Mentoring","datePublished":"2025-04-16T08:02:07+00:00","dateModified":"2025-04-16T08:50:51+00:00","mainEntityOfPage":{"@id":"https:\/\/unionprofesionaldegalicia.org\/el-exito-de-xuventude-mentoring\/"},"wordCount":1209,"publisher":{"@id":"https:\/\/unionprofesionaldegalicia.org\/#organization"},"image":{"@id":"https:\/\/unionprofesionaldegalicia.org\/el-exito-de-xuventude-mentoring\/#primaryimage"},"thumbnailUrl":"https:\/\/unionprofesionaldegalicia.org\/wp-content\/uploads\/2025\/04\/Encontro-formativo-Union-Profesional_0003_7b4b74af-54f8-49a1-bb58-c5347a0fe14d.jpg","keywords":["Compromiso social","Eventos UPG","Excelencia profesional","Innovaci\u00f3n tecnol\u00f3gica","Simposium 2025","Uni\u00f3n Profesional de Galicia"],"articleSection":["Noticias Uni\u00f3n Profesional de Galicia"],"inLanguage":"gl-ES"},{"@type":"WebPage","@id":"https:\/\/unionprofesionaldegalicia.org\/el-exito-de-xuventude-mentoring\/","url":"https:\/\/unionprofesionaldegalicia.org\/el-exito-de-xuventude-mentoring\/","name":"El \u00e9xito de\u00a0Xuventude Mentoring - Uni\u00f3n Profesional de Galicia","isPartOf":{"@id":"https:\/\/unionprofesionaldegalicia.org\/#website"},"primaryImageOfPage":{"@id":"https:\/\/unionprofesionaldegalicia.org\/el-exito-de-xuventude-mentoring\/#primaryimage"},"image":{"@id":"https:\/\/unionprofesionaldegalicia.org\/el-exito-de-xuventude-mentoring\/#primaryimage"},"thumbnailUrl":"https:\/\/unionprofesionaldegalicia.org\/wp-content\/uploads\/2025\/04\/Encontro-formativo-Union-Profesional_0003_7b4b74af-54f8-49a1-bb58-c5347a0fe14d.jpg","datePublished":"2025-04-16T08:02:07+00:00","dateModified":"2025-04-16T08:50:51+00:00","breadcrumb":{"@id":"https:\/\/unionprofesionaldegalicia.org\/el-exito-de-xuventude-mentoring\/#breadcrumb"},"inLanguage":"gl-ES","potentialAction":[{"@type":"ReadAction","target":["https:\/\/unionprofesionaldegalicia.org\/el-exito-de-xuventude-mentoring\/"]}]},{"@type":"ImageObject","inLanguage":"gl-ES","@id":"https:\/\/unionprofesionaldegalicia.org\/el-exito-de-xuventude-mentoring\/#primaryimage","url":"https:\/\/unionprofesionaldegalicia.org\/wp-content\/uploads\/2025\/04\/Encontro-formativo-Union-Profesional_0003_7b4b74af-54f8-49a1-bb58-c5347a0fe14d.jpg","contentUrl":"https:\/\/unionprofesionaldegalicia.org\/wp-content\/uploads\/2025\/04\/Encontro-formativo-Union-Profesional_0003_7b4b74af-54f8-49a1-bb58-c5347a0fe14d.jpg","width":1280,"height":720},{"@type":"BreadcrumbList","@id":"https:\/\/unionprofesionaldegalicia.org\/el-exito-de-xuventude-mentoring\/#breadcrumb","itemListElement":[{"@type":"ListItem","position":1,"name":"Portada","item":"https:\/\/unionprofesionaldegalicia.org\/"},{"@type":"ListItem","position":2,"name":"El \u00e9xito de\u00a0Xuventude Mentoring"}]},{"@type":"WebSite","@id":"https:\/\/unionprofesionaldegalicia.org\/#website","url":"https:\/\/unionprofesionaldegalicia.org\/","name":"Uni\u00f3n Profesional de Galicia","description":"La Uni\u00f3n Profesional de Galicia es la entidad que agrupa a 44 colegios profesionales y act\u00faa como nexo entre ellos y la Administraci\u00f3n para impulsar iniciativas que fortalecen el ejercicio profesional y mejoran la actividad judicial.","publisher":{"@id":"https:\/\/unionprofesionaldegalicia.org\/#organization"},"potentialAction":[{"@type":"SearchAction","target":{"@type":"EntryPoint","urlTemplate":"https:\/\/unionprofesionaldegalicia.org\/?s={search_term_string}"},"query-input":{"@type":"PropertyValueSpecification","valueRequired":true,"valueName":"search_term_string"}}],"inLanguage":"gl-ES"},{"@type":"Organization","@id":"https:\/\/unionprofesionaldegalicia.org\/#organization","name":"Uni\u00f3n Profesional de Galicia","url":"https:\/\/unionprofesionaldegalicia.org\/","logo":{"@type":"ImageObject","inLanguage":"gl-ES","@id":"https:\/\/unionprofesionaldegalicia.org\/#\/schema\/logo\/image\/","url":"https:\/\/unionprofesionaldegalicia.org\/wp-content\/uploads\/2024\/12\/Logo-Union-Profesional.jpg","contentUrl":"https:\/\/unionprofesionaldegalicia.org\/wp-content\/uploads\/2024\/12\/Logo-Union-Profesional.jpg","width":200,"height":71,"caption":"Uni\u00f3n Profesional de Galicia"},"image":{"@id":"https:\/\/unionprofesionaldegalicia.org\/#\/schema\/logo\/image\/"}},{"@type":"Person","@id":"https:\/\/unionprofesionaldegalicia.org\/#\/schema\/person\/1f5f151f1b6733621ffef1586f99d1e0","name":"Miguel Fern\u00e1ndez Castro","image":{"@type":"ImageObject","inLanguage":"gl-ES","@id":"https:\/\/secure.gravatar.com\/avatar\/56b998da338d19949582cc65096ee27ca386ba244f98bd3a6912608ca1f77a9a?s=96&d=mm&r=g","url":"https:\/\/secure.gravatar.com\/avatar\/56b998da338d19949582cc65096ee27ca386ba244f98bd3a6912608ca1f77a9a?s=96&d=mm&r=g","contentUrl":"https:\/\/secure.gravatar.com\/avatar\/56b998da338d19949582cc65096ee27ca386ba244f98bd3a6912608ca1f77a9a?s=96&d=mm&r=g","caption":"Miguel Fern\u00e1ndez Castro"},"sameAs":["https:\/\/gestudiosmultimedia.com"],"url":"https:\/\/unionprofesionaldegalicia.org\/gl\/author\/miguelgestudiosmultimedia-com\/"}]}},"_links":{"self":[{"href":"https:\/\/unionprofesionaldegalicia.org\/gl\/wp-json\/wp\/v2\/posts\/1302","targetHints":{"allow":["GET"]}}],"collection":[{"href":"https:\/\/unionprofesionaldegalicia.org\/gl\/wp-json\/wp\/v2\/posts"}],"about":[{"href":"https:\/\/unionprofesionaldegalicia.org\/gl\/wp-json\/wp\/v2\/types\/post"}],"author":[{"embeddable":true,"href":"https:\/\/unionprofesionaldegalicia.org\/gl\/wp-json\/wp\/v2\/users\/2"}],"replies":[{"embeddable":true,"href":"https:\/\/unionprofesionaldegalicia.org\/gl\/wp-json\/wp\/v2\/comments?post=1302"}],"version-history":[{"count":11,"href":"https:\/\/unionprofesionaldegalicia.org\/gl\/wp-json\/wp\/v2\/posts\/1302\/revisions"}],"predecessor-version":[{"id":1353,"href":"https:\/\/unionprofesionaldegalicia.org\/gl\/wp-json\/wp\/v2\/posts\/1302\/revisions\/1353"}],"wp:featuredmedia":[{"embeddable":true,"href":"https:\/\/unionprofesionaldegalicia.org\/gl\/wp-json\/wp\/v2\/media\/1309"}],"wp:attachment":[{"href":"https:\/\/unionprofesionaldegalicia.org\/gl\/wp-json\/wp\/v2\/media?parent=1302"}],"wp:term":[{"taxonomy":"category","embeddable":true,"href":"https:\/\/unionprofesionaldegalicia.org\/gl\/wp-json\/wp\/v2\/categories?post=1302"},{"taxonomy":"post_tag","embeddable":true,"href":"https:\/\/unionprofesionaldegalicia.org\/gl\/wp-json\/wp\/v2\/tags?post=1302"}],"curies":[{"name":"wp","href":"https:\/\/api.w.org\/{rel}","templated":true}]}}