{"id":1007,"date":"2025-04-22T17:39:36","date_gmt":"2025-04-22T15:39:36","guid":{"rendered":"https:\/\/unionprofesionaldegalicia.org\/?p=1007"},"modified":"2025-07-17T13:21:35","modified_gmt":"2025-07-17T11:21:35","slug":"simposium-innovacion-compromiso-social-galicia-2025","status":"publish","type":"post","link":"https:\/\/unionprofesionaldegalicia.org\/gl\/simposium-innovacion-compromiso-social-galicia-2025\/","title":{"rendered":"Simposium de innovaci\u00f3n y compromiso profesional"},"content":{"rendered":"<p>[et_pb_section fb_built=\u00bb1&#8243; _builder_version=\u00bb4.27.4&#8243; _module_preset=\u00bbdefault\u00bb custom_padding=\u00bb||0px|||\u00bb global_colors_info=\u00bb{}\u00bb][et_pb_row _builder_version=\u00bb4.27.4&#8243; _module_preset=\u00bbdefault\u00bb global_colors_info=\u00bb{}\u00bb][et_pb_column type=\u00bb4_4&#8243; _builder_version=\u00bb4.27.4&#8243; _module_preset=\u00bbdefault\u00bb global_colors_info=\u00bb{}\u00bb][et_pb_image src=\u00bbhttps:\/\/unionprofesionaldegalicia.org\/wp-content\/uploads\/2025\/03\/Simposium-10-de-mayo-Union-Profesional-de-Galicia.jpg\u00bb title_text=\u00bbSimposium 10 de mayo Unio\u0301n Profesional de Galicia\u00bb _builder_version=\u00bb4.27.4&#8243; _module_preset=\u00bbdefault\u00bb global_colors_info=\u00bb{}\u00bb][\/et_pb_image][\/et_pb_column][\/et_pb_row][et_pb_row _builder_version=\u00bb4.27.4&#8243; _module_preset=\u00bbdefault\u00bb global_colors_info=\u00bb{}\u00bb][et_pb_column type=\u00bb4_4&#8243; _builder_version=\u00bb4.27.4&#8243; _module_preset=\u00bbdefault\u00bb global_colors_info=\u00bb{}\u00bb][et_pb_text admin_label=\u00bbH2&#8243; _builder_version=\u00bb4.27.4&#8243; _module_preset=\u00bbdefault\u00bb global_colors_info=\u00bb{}\u00bb]<\/p>\n<h1><strong>Simposium de innovaci\u00f3n y compromiso profesional 2025<\/strong><\/h1>\n<p>[\/et_pb_text][et_pb_text admin_label=\u00bbMA\u00d1ANA\u00bb _builder_version=\u00bb4.27.4&#8243; _module_preset=\u00bbdefault\u00bb global_colors_info=\u00bb{}\u00bb]<\/p>\n<p data-pm-slice=\"1 1 []\"><span>Desde Uni\u00f3n Profesional de Galicia, organizamos el <\/span><span><strong>Simposium de Innovaci\u00f3n Tecnol\u00f3gica y Compromiso Social 2025<\/strong><\/span><span>, un evento clave para el desarrollo profesional y social de nuestra comunidad. La cita ser\u00e1 el pr\u00f3ximo <\/span><span><strong>10 de mayo en el <a href=\"https:\/\/www.ocahotels.com\/hoteles\/hotel-oca-puerta-del-camino\">Hotel Oca Puerta del Camino, Santiago de Compostela<\/a><\/strong><\/span><span>.<\/span><span><\/span><span><\/span><\/p>\n<p data-pm-slice=\"1 1 []\"><span><\/span><\/p>\n<h2 data-start=\"301\" data-end=\"317\" class=\"\">\ud83d\udd58 <strong data-start=\"307\" data-end=\"317\">Ma\u00f1ana<\/strong><\/h2>\n<ul data-start=\"319\" data-end=\"660\">\n<li data-start=\"319\" data-end=\"373\" class=\"\">\n<p data-start=\"321\" data-end=\"373\" class=\"\"><strong data-start=\"321\" data-end=\"332\">09:45 h<\/strong> \u2013 Recepci\u00f3n y entrega de documentaci\u00f3n<\/p>\n<\/li>\n<li data-start=\"374\" data-end=\"660\" class=\"\">\n<p data-start=\"376\" data-end=\"433\" class=\"\"><strong data-start=\"376\" data-end=\"387\">10:30 h<\/strong> \u2013 Inauguraci\u00f3n y presentaci\u00f3n del Simposium<\/p>\n<ul data-start=\"436\" data-end=\"660\">\n<li data-start=\"436\" data-end=\"592\" class=\"\">\n<p data-start=\"438\" data-end=\"592\" class=\"\">Jos\u00e9 Mar\u00eda Su\u00e1rez Quintanilla \u2013 Presidente de Uni\u00f3n Profesional de Galicia<br data-start=\"512\" data-end=\"515\" \/><em data-start=\"519\" data-end=\"590\">\u00abLos Colegios profesionales como representantes de la sociedad civil\u00bb<\/em><\/p>\n<\/li>\n<li data-start=\"595\" data-end=\"660\" class=\"\">\n<p data-start=\"597\" data-end=\"660\" class=\"\">Tom\u00e1s Cobo Castro \u2013 Presidente de Uni\u00f3n Profesional de Espa\u00f1a<\/p>\n<\/li>\n<\/ul>\n<\/li>\n<\/ul>\n<hr data-start=\"662\" data-end=\"665\" class=\"\" \/>\n<h3 data-start=\"667\" data-end=\"746\" class=\"\">\ud83e\udde0 <strong data-start=\"674\" data-end=\"744\">11:00 h \u2013 Mesa redonda: Salud mental en Galicia: en la encrucijada<\/strong><\/h3>\n<p data-start=\"747\" data-end=\"821\" class=\"\"><strong data-start=\"747\" data-end=\"764\">Coordinadora:<\/strong> M\u00aa Rosa \u00c1lvarez Prada<br data-start=\"786\" data-end=\"789\" \/><strong data-start=\"789\" data-end=\"804\">Moderadora:<\/strong> Eliana Mart\u00edns<\/p>\n<p data-start=\"823\" data-end=\"838\" class=\"\"><strong data-start=\"823\" data-end=\"836\">Ponentes:<\/strong><\/p>\n<ul data-start=\"839\" data-end=\"1098\">\n<li data-start=\"839\" data-end=\"895\" class=\"\">\n<p data-start=\"841\" data-end=\"895\" class=\"\">Rosa Cerqueiro Land\u00edn \u2013 Psic\u00f3loga cl\u00ednica del SERGAS<\/p>\n<\/li>\n<li data-start=\"896\" data-end=\"923\" class=\"\">\n<p data-start=\"898\" data-end=\"923\" class=\"\">Ant\u00eda Y\u00e1\u00f1ez \u2013 Escritora<\/p>\n<\/li>\n<li data-start=\"924\" data-end=\"975\" class=\"\">\n<p data-start=\"926\" data-end=\"975\" class=\"\">Hip\u00f3lito Puente Carracedo \u2013 Psic\u00f3logo educativo<\/p>\n<\/li>\n<li data-start=\"976\" data-end=\"1050\" class=\"\">\n<p data-start=\"978\" data-end=\"1050\" class=\"\">M.\u00aa Soledad Agra Tu\u00f1as \u2013 Diputada de Igualdad (Diputaci\u00f3n de A Coru\u00f1a)<\/p>\n<\/li>\n<li data-start=\"1051\" data-end=\"1098\" class=\"\">\n<p data-start=\"1053\" data-end=\"1098\" class=\"\">Representante de la Conseller\u00eda de Sanidade<\/p>\n<\/li>\n<\/ul>\n<hr data-start=\"1100\" data-end=\"1103\" class=\"\" \/>\n<h3 data-start=\"1105\" data-end=\"1188\" class=\"\">\ud83c\udfe0 <strong data-start=\"1112\" data-end=\"1186\">12:00 h \u2013 Mesa redonda: \u00bfC\u00f3mo solucionamos el problema de la vivienda?<\/strong><\/h3>\n<p data-start=\"1189\" data-end=\"1228\" class=\"\"><strong data-start=\"1189\" data-end=\"1211\">Coordina y modera:<\/strong> Patricia V\u00e9rez<\/p>\n<p data-start=\"1230\" data-end=\"1245\" class=\"\"><strong data-start=\"1230\" data-end=\"1243\">Ponentes:<\/strong><\/p>\n<ul data-start=\"1246\" data-end=\"1552\">\n<li data-start=\"1246\" data-end=\"1314\" class=\"\">\n<p data-start=\"1248\" data-end=\"1314\" class=\"\">Heriberto Garc\u00eda Porto \u2013 Secretario xeral de Vivenda e Urbanismo<\/p>\n<\/li>\n<li data-start=\"1315\" data-end=\"1376\" class=\"\">\n<p data-start=\"1317\" data-end=\"1376\" class=\"\">Juan Jos\u00e9 Y\u00e1\u00f1ez Mart\u00ednez \u2013 Secretario general de Aproinco<\/p>\n<\/li>\n<li data-start=\"1377\" data-end=\"1422\" class=\"\">\n<p data-start=\"1379\" data-end=\"1422\" class=\"\">Ana Pardo Fern\u00e1ndez \u2013 Presidenta EAPN Galicia<\/p>\n<\/li>\n<li data-start=\"1423\" data-end=\"1486\" class=\"\">\n<p data-start=\"1425\" data-end=\"1486\" class=\"\">M.\u00aa Luisa Pierres L\u00f3pez \u2013 Colegio de Arquitectos de Galicia<\/p>\n<\/li>\n<li data-start=\"1487\" data-end=\"1552\" class=\"\">\n<p data-start=\"1489\" data-end=\"1552\" class=\"\">Rosana Rivas Mari\u00f1o \u2013 Consello Galego da Arquitectura T\u00e9cnica<\/p>\n<\/li>\n<\/ul>\n<hr data-start=\"1554\" data-end=\"1557\" class=\"\" \/>\n<h3 data-start=\"1559\" data-end=\"1618\" class=\"\">\u26a0\ufe0f <strong data-start=\"1566\" data-end=\"1616\">13:00 h \u2013 Mesa redonda: Intrusismo profesional<\/strong><\/h3>\n<p data-start=\"1619\" data-end=\"1662\" class=\"\"><strong data-start=\"1619\" data-end=\"1641\">Coordina y modera:<\/strong> Carlos Mato M\u00e9ndez<\/p>\n<p data-start=\"1664\" data-end=\"1679\" class=\"\"><strong data-start=\"1664\" data-end=\"1677\">Ponentes:<\/strong><\/p>\n<ul data-start=\"1680\" data-end=\"1870\">\n<li data-start=\"1680\" data-end=\"1739\" class=\"\">\n<p data-start=\"1682\" data-end=\"1739\" class=\"\">M.\u00aa Bego\u00f1a Ramos Ares \u2013 Fiscal\u00eda Provincial de A Coru\u00f1a<\/p>\n<\/li>\n<li data-start=\"1740\" data-end=\"1815\" class=\"\">\n<p data-start=\"1742\" data-end=\"1815\" class=\"\">Juan Fontela P\u00e9rez \u2013 Abogado (Colegio Arquitectura T\u00e9cnica de A Coru\u00f1a)<\/p>\n<\/li>\n<li data-start=\"1816\" data-end=\"1870\" class=\"\">\n<p data-start=\"1818\" data-end=\"1870\" class=\"\">Cristina Pedrosa Leis \u2013 Abogada, Aristeia Abogados<\/p>\n<\/li>\n<li data-start=\"1816\" data-end=\"1870\" class=\"\">Jorge Benigni Le\u00f3n &#8211; Abogado<\/li>\n<\/ul>\n<hr data-start=\"1872\" data-end=\"1875\" class=\"\" \/>\n<h3 data-start=\"1877\" data-end=\"1982\" class=\"\">\ud83e\uddfe <strong data-start=\"1884\" data-end=\"1980\">14:00 h \u2013 Mesa redonda: Colegiaci\u00f3n obligatoria y funci\u00f3n p\u00fablica: \u00bfd\u00f3nde est\u00e1n los l\u00edmites?<\/strong><\/h3>\n<p data-start=\"1983\" data-end=\"2038\" class=\"\"><strong data-start=\"1983\" data-end=\"2005\">Coordina y modera:<\/strong> Henrique Xo\u00e1n Rodr\u00edguez Pant\u00edn<\/p>\n<p data-start=\"2040\" data-end=\"2055\" class=\"\"><strong data-start=\"2040\" data-end=\"2053\">Ponentes:<\/strong><\/p>\n<ul data-start=\"2056\" data-end=\"2230\">\n<li data-start=\"2056\" data-end=\"2111\" class=\"\">\n<p data-start=\"2058\" data-end=\"2111\" class=\"\">Sol M.\u00aa V\u00e1zquez Abeal \u2013 Instituto Galego de Consumo<\/p>\n<\/li>\n<li data-start=\"2112\" data-end=\"2175\" class=\"\">\n<p data-start=\"2114\" data-end=\"2175\" class=\"\">Rosa Celia Otero Gra\u00f1a \u2013 Federaci\u00f3n Gallega Asociaciones de Amas de Casa, usuarios y consumidores Br\u00e9tema y presidenta del Consello Gallego de consumidores y usuarios<\/p>\n<\/li>\n<li data-start=\"2176\" data-end=\"2230\" class=\"\">\n<p data-start=\"2178\" data-end=\"2230\" class=\"\">Cristina Pedrosa Leis \u2013 Abogada, Aristeia Abogados<\/p>\n<\/li>\n<\/ul>\n<hr data-start=\"2232\" data-end=\"2235\" class=\"\" \/>\n<h3 data-start=\"2237\" data-end=\"2290\" class=\"\"><\/h3>\n<p>&nbsp;<\/p>\n<h3 data-start=\"2237\" data-end=\"2290\" class=\"\">\ud83c\udf74 <strong data-start=\"2244\" data-end=\"2290\">15:00 \u2013 16:15 h \u2013 Comida bufet en el Hotel<\/strong><\/h3>\n<p>[\/et_pb_text][et_pb_divider _builder_version=\u00bb4.27.4&#8243; _module_preset=\u00bbdefault\u00bb global_colors_info=\u00bb{}\u00bb][\/et_pb_divider][\/et_pb_column][\/et_pb_row][et_pb_row admin_label=\u00bbTITULO COLABORADORES\u00bb _builder_version=\u00bb4.27.4&#8243; _module_preset=\u00bbdefault\u00bb collapsed=\u00bbon\u00bb global_colors_info=\u00bb{}\u00bb][et_pb_column type=\u00bb4_4&#8243; _builder_version=\u00bb4.27.4&#8243; _module_preset=\u00bbdefault\u00bb global_colors_info=\u00bb{}\u00bb][et_pb_text _builder_version=\u00bb4.27.4&#8243; _module_preset=\u00bbdefault\u00bb global_colors_info=\u00bb{}\u00bb]<\/p>\n<h2>Colaboradores<\/h2>\n<p>[\/et_pb_text][\/et_pb_column][\/et_pb_row][et_pb_row column_structure=\u00bb1_4,1_4,1_4,1_4&#8243; admin_label=\u00bbLOGO COLABORABORES\u00bb _builder_version=\u00bb4.27.4&#8243; _module_preset=\u00bbdefault\u00bb collapsed=\u00bbon\u00bb global_colors_info=\u00bb{}\u00bb][et_pb_column type=\u00bb1_4&#8243; _builder_version=\u00bb4.27.4&#8243; _module_preset=\u00bbdefault\u00bb global_colors_info=\u00bb{}\u00bb][et_pb_image src=\u00bbhttps:\/\/unionprofesionaldegalicia.org\/wp-content\/uploads\/2025\/07\/LOGOTIPOS_0003_Layer-1.jpg\u00bb title_text=\u00bbLOGOTIPOS_0003_Layer 1&#8243; _builder_version=\u00bb4.27.4&#8243; _module_preset=\u00bbdefault\u00bb box_shadow_style=\u00bbpreset1&#8243; global_colors_info=\u00bb{}\u00bb][\/et_pb_image][\/et_pb_column][et_pb_column type=\u00bb1_4&#8243; _builder_version=\u00bb4.27.4&#8243; _module_preset=\u00bbdefault\u00bb global_colors_info=\u00bb{}\u00bb][et_pb_image src=\u00bbhttps:\/\/unionprofesionaldegalicia.org\/wp-content\/uploads\/2025\/07\/LOGOTIPOS_0001_1280px-Banco_Sabadell_logo.svg_.jpg\u00bb title_text=\u00bbLOGOTIPOS_0001_1280px-Banco_Sabadell_logo.svg\u00bb _builder_version=\u00bb4.27.4&#8243; _module_preset=\u00bbdefault\u00bb box_shadow_style=\u00bbpreset1&#8243; global_colors_info=\u00bb{}\u00bb][\/et_pb_image][et_pb_button button_url=\u00bbhttps:\/\/unionprofesionaldegalicia.org\/soluciones-financieras-salud-bienestar-sabadell\/\u00bb url_new_window=\u00bbon\u00bb button_text=\u00bbVer propuesta\u00bb button_alignment=\u00bbcenter\u00bb _builder_version=\u00bb4.27.4&#8243; _module_preset=\u00bbdefault\u00bb global_colors_info=\u00bb{}\u00bb][\/et_pb_button][\/et_pb_column][et_pb_column type=\u00bb1_4&#8243; _builder_version=\u00bb4.27.4&#8243; _module_preset=\u00bbdefault\u00bb global_colors_info=\u00bb{}\u00bb][et_pb_image src=\u00bbhttps:\/\/unionprofesionaldegalicia.org\/wp-content\/uploads\/2025\/07\/LOGOTIPOS_0002_a-banca.jpg\u00bb title_text=\u00bbLOGOTIPOS_0002_a banca\u00bb _builder_version=\u00bb4.27.4&#8243; _module_preset=\u00bbdefault\u00bb box_shadow_style=\u00bbpreset1&#8243; global_colors_info=\u00bb{}\u00bb][\/et_pb_image][\/et_pb_column][et_pb_column type=\u00bb1_4&#8243; _builder_version=\u00bb4.27.4&#8243; _module_preset=\u00bbdefault\u00bb global_colors_info=\u00bb{}\u00bb][et_pb_image src=\u00bbhttps:\/\/unionprofesionaldegalicia.org\/wp-content\/uploads\/2025\/07\/LOGOTIPOS_0000_logo_pm-prevision-mallorquina.jpg\u00bb title_text=\u00bbLOGOTIPOS_0000_logo_pm-prevision mallorquina\u00bb _builder_version=\u00bb4.27.4&#8243; _module_preset=\u00bbdefault\u00bb box_shadow_style=\u00bbpreset1&#8243; global_colors_info=\u00bb{}\u00bb][\/et_pb_image][et_pb_button button_url=\u00bbhttps:\/\/unionprofesionaldegalicia.org\/seguros-baja-laboral-profesionales-autonomos\/\u00bb url_new_window=\u00bbon\u00bb button_text=\u00bbVer propuesta\u00bb button_alignment=\u00bbcenter\u00bb _builder_version=\u00bb4.27.4&#8243; _module_preset=\u00bbdefault\u00bb global_colors_info=\u00bb{}\u00bb][\/et_pb_button][\/et_pb_column][\/et_pb_row][et_pb_row _builder_version=\u00bb4.27.4&#8243; _module_preset=\u00bbdefault\u00bb global_colors_info=\u00bb{}\u00bb][et_pb_column type=\u00bb4_4&#8243; _builder_version=\u00bb4.27.4&#8243; _module_preset=\u00bbdefault\u00bb global_colors_info=\u00bb{}\u00bb][et_pb_divider _builder_version=\u00bb4.27.4&#8243; _module_preset=\u00bbdefault\u00bb global_colors_info=\u00bb{}\u00bb][\/et_pb_divider][et_pb_text admin_label=\u00bbTARDE\u00bb _builder_version=\u00bb4.27.4&#8243; _module_preset=\u00bbdefault\u00bb global_colors_info=\u00bb{}\u00bb]<\/p>\n<p data-pm-slice=\"1 1 []\">\n<h2 data-start=\"2297\" data-end=\"2312\" class=\"\">\ud83d\udd53 <strong>Horario de t<\/strong><strong data-start=\"2303\" data-end=\"2312\">arde<\/strong><\/h2>\n<hr data-start=\"2314\" data-end=\"2317\" class=\"\" \/>\n<h3 data-start=\"2319\" data-end=\"2417\" class=\"\">\ud83d\udea8 <strong data-start=\"2326\" data-end=\"2415\">16:30 h \u2013 Mesa redonda: Agresiones a profesionales: \u00bfc\u00f3mo poner freno a la violencia?<\/strong><\/h3>\n<p data-start=\"2418\" data-end=\"2456\" class=\"\"><strong data-start=\"2418\" data-end=\"2434\">Coordinador:<\/strong> Javier Balado Amado<\/p>\n<p data-start=\"2458\" data-end=\"2473\" class=\"\"><strong data-start=\"2458\" data-end=\"2471\">Ponentes:<\/strong><\/p>\n<ul data-start=\"2474\" data-end=\"2752\">\n<li data-start=\"2474\" data-end=\"2541\" class=\"\"><span style=\"font-size: 17px;\">Paula Briones Amor \u2013 Colegio Oficial de Farmac\u00e9uticos de A Coru\u00f1a<\/span><\/li>\n<li data-start=\"2474\" data-end=\"2541\" class=\"\"><span style=\"font-size: 17px;\"><\/span><span style=\"font-size: 17px;\">Jorge Bodel\u00f3n Habans \u2013 Guardia Civil, Interlocutor Policial Sanitario<\/span><\/li>\n<li data-start=\"2474\" data-end=\"2541\" class=\"\"><span style=\"font-size: 17px;\"><\/span><span style=\"font-size: 17px;\">Sim\u00f3n Fern\u00e1ndez \u2013 Polic\u00eda Nacional, Interlocutor Policial Sanitario<\/span><\/li>\n<li data-start=\"2474\" data-end=\"2541\" class=\"\"><span style=\"font-size: 17px;\"><\/span><span style=\"font-size: 17px;\">Javier Prieto Cebreiro \u2013 Colegio Oficial de M\u00e9dicos de A Coru\u00f1a<\/span><\/li>\n<li data-start=\"2474\" data-end=\"2541\" class=\"\"><span style=\"font-size: 17px;\"><\/span><span style=\"font-size: 17px;\">Juan Pablo Garc\u00eda Pi\u00f1\u00f3n \u2013 Colegio Oficial de Enfermer\u00eda de A Coru\u00f1a<\/span><\/li>\n<\/ul>\n<hr data-start=\"2754\" data-end=\"2757\" class=\"\" \/>\n<h3 data-start=\"2759\" data-end=\"2856\" class=\"\">\ud83e\udd16 <strong data-start=\"2766\" data-end=\"2854\">17:30 h \u2013 Mesa redonda: Inteligencia artificial y su inserci\u00f3n en el mercado laboral<\/strong><\/h3>\n<p data-start=\"2857\" data-end=\"2894\" class=\"\"><strong data-start=\"2857\" data-end=\"2873\">Coordinador:<\/strong> Jorge Rivera G\u00f3mez<\/p>\n<p data-start=\"2896\" data-end=\"2911\" class=\"\"><strong data-start=\"2896\" data-end=\"2909\">Ponentes:<\/strong><\/p>\n<ul data-start=\"2912\" data-end=\"3209\">\n<li data-start=\"2912\" data-end=\"2972\" class=\"\">\n<p data-start=\"2914\" data-end=\"2972\" class=\"\">Dolores Abu\u00edn \u2013 Abogada experta en IA Generativa y \u00e9tica<\/p>\n<\/li>\n<li data-start=\"2973\" data-end=\"3056\" class=\"\">\n<p data-start=\"2975\" data-end=\"3056\" class=\"\">Fernando Su\u00e1rez Lorenzo \u2013 Decano del Consejo General de Colegios de Ingenier\u00eda Inform\u00e1tica<\/p>\n<\/li>\n<li data-start=\"3057\" data-end=\"3136\" class=\"\">\n<p data-start=\"3059\" data-end=\"3136\" class=\"\">Jorge Cerqueiro Peque\u00f1o \u2013 Decano del Colexio Galego de Exe\u00f1eiros T\u00e9cnicos Industriais<\/p>\n<\/li>\n<li data-start=\"3057\" data-end=\"3136\" class=\"\">Dr. Jes\u00fas Pato Mourelo &#8211; Presidente Galimplant, empresa tecnol\u00f3gica y de biomedicina<\/li>\n<li data-start=\"3137\" data-end=\"3209\" class=\"\">\n<p data-start=\"3139\" data-end=\"3209\" class=\"\">Rub\u00e9n Beiroa Mosquera \u2013 Ingeniero electr\u00f3nico, consultor tecnol\u00f3gico<\/p>\n<\/li>\n<\/ul>\n<hr data-start=\"3211\" data-end=\"3214\" class=\"\" \/>\n<h3 data-start=\"3216\" data-end=\"3300\" class=\"\">\ud83c\udf31 <strong data-start=\"3223\" data-end=\"3298\">18:30 h \u2013 Mesa redonda: Responsabilidad medioambiental y sostenibilidad<\/strong><\/h3>\n<p data-start=\"3301\" data-end=\"3349\" class=\"\"><strong data-start=\"3301\" data-end=\"3317\">Coordinador:<\/strong> Jos\u00e9 Antonio Fern\u00e1ndez Bouzas<\/p>\n<p data-start=\"3351\" data-end=\"3366\" class=\"\"><strong data-start=\"3351\" data-end=\"3364\">Ponentes:<\/strong><\/p>\n<ul data-start=\"3367\" data-end=\"3478\">\n<li data-start=\"3367\" data-end=\"3393\" class=\"\">\n<p data-start=\"3369\" data-end=\"3393\" class=\"\">Andr\u00e9s Pilas \u2013 Ambical<\/p>\n<\/li>\n<li data-start=\"3394\" data-end=\"3432\" class=\"\">\n<p data-start=\"3396\" data-end=\"3432\" class=\"\">Emiliano Barelli \u2013 Hijos de Rivera<\/p>\n<\/li>\n<li data-start=\"3433\" data-end=\"3478\" class=\"\">\n<p data-start=\"3435\" data-end=\"3478\" class=\"\">Javier Garc\u00eda Galdo \u2013 Sinerxia Consultora<\/p>\n<\/li>\n<\/ul>\n<hr data-start=\"3480\" data-end=\"3483\" class=\"\" \/>\n<h2 data-start=\"3485\" data-end=\"3547\" class=\"\">\ud83c\udfc6 <strong data-start=\"3491\" data-end=\"3547\">Entrega de Premios Uni\u00f3n Profesional de Galicia 2025<\/strong><\/h2>\n<ul data-start=\"3549\" data-end=\"3950\">\n<li data-start=\"3549\" data-end=\"3624\" class=\"\">\n<p data-start=\"3551\" data-end=\"3624\" class=\"\"><strong data-start=\"3551\" data-end=\"3562\">19:30 h<\/strong> \u2013 Recepci\u00f3n a colegios profesionales, premiados e invitados<\/p>\n<\/li>\n<li data-start=\"3625\" data-end=\"3713\" class=\"\">\n<p data-start=\"3627\" data-end=\"3713\" class=\"\"><strong data-start=\"3627\" data-end=\"3638\">20:00 h<\/strong> \u2013 Entrega de los premios a la Excelencia Profesional y Compromiso Social<\/p>\n<\/li>\n<li data-start=\"3714\" data-end=\"3781\" class=\"\">\n<p data-start=\"3716\" data-end=\"3781\" class=\"\"><strong data-start=\"3716\" data-end=\"3727\">20:45 h<\/strong> \u2013 Intervenciones de representantes de los premiados<\/p>\n<\/li>\n<li data-start=\"3782\" data-end=\"3851\" class=\"\">\n<p data-start=\"3784\" data-end=\"3851\" class=\"\"><strong data-start=\"3784\" data-end=\"3795\">21:00 h<\/strong> \u2013 Entrega de los Premios Uni\u00f3n Profesional de Galicia<\/p>\n<\/li>\n<li data-start=\"3852\" data-end=\"3909\" class=\"\">\n<p data-start=\"3854\" data-end=\"3909\" class=\"\"><strong data-start=\"3854\" data-end=\"3865\">21:15 h<\/strong> \u2013 Intervenci\u00f3n de autoridades y premiados<\/p>\n<\/li>\n<li data-start=\"3910\" data-end=\"3950\" class=\"\">\n<p data-start=\"3912\" data-end=\"3950\" class=\"\"><strong data-start=\"3912\" data-end=\"3923\">21:30 h<\/strong> \u2013 Cena de confraternidad<\/p>\n<\/li>\n<\/ul>\n<p data-pm-slice=\"1 1 []\"><span>Este simposium es una excelente oportunidad para compartir experiencias, debatir sobre desaf\u00edos actuales e impulsar juntos la innovaci\u00f3n y cooperaci\u00f3n intercolegial.<\/span><\/p>\n<p><span><strong>Inscripciones abiertas:<\/strong><\/span><\/p>\n<p><span>Las plazas son limitadas. Confirma tu asistencia enviando un correo electr\u00f3nico a:<\/span><\/p>\n<ul data-spread=\"false\">\n<li><span><a disabled=\"disabled\"><strong>secretaria@unionprofesionaldegalicia.org<\/strong><\/a><\/span><\/li>\n<li><span><strong>Tel\u00e9fono:<\/strong><\/span><span> 679.486.961 \/ 681.135.330<\/span><\/li>\n<\/ul>\n<p><strong>M\u00e1s informaci\u00f3n:<\/strong><br \/><span><\/span><\/p>\n<ul>\n<li>Comida: 20\u20ac<\/li>\n<li>Cena: 40\u20ac<\/li>\n<\/ul>\n<p><span>\u00a1Te esperamos para construir juntos el futuro profesional de Galicia!<\/span><\/p>\n<p>[\/et_pb_text][\/et_pb_column][\/et_pb_row][et_pb_row column_structure=\u00bb1_2,1_2&#8243; _builder_version=\u00bb4.27.4&#8243; _module_preset=\u00bbdefault\u00bb global_colors_info=\u00bb{}\u00bb][et_pb_column type=\u00bb1_2&#8243; _builder_version=\u00bb4.27.4&#8243; _module_preset=\u00bbdefault\u00bb global_colors_info=\u00bb{}\u00bb][et_pb_button button_url=\u00bbhttps:\/\/unionprofesionaldegalicia.org\/wp-content\/uploads\/2025\/05\/04-Simposium-UPG-2025.pdf\u00bb url_new_window=\u00bbon\u00bb button_text=\u00bbAccede al programa\u00bb button_alignment=\u00bbcenter\u00bb _builder_version=\u00bb4.27.4&#8243; _module_preset=\u00bbdefault\u00bb global_colors_info=\u00bb{}\u00bb][\/et_pb_button][\/et_pb_column][et_pb_column type=\u00bb1_2&#8243; _builder_version=\u00bb4.27.4&#8243; _module_preset=\u00bbdefault\u00bb global_colors_info=\u00bb{}\u00bb][et_pb_button button_url=\u00bbhttps:\/\/unionprofesionaldegalicia.org\/wp-content\/uploads\/2025\/05\/03-GAL_-SIMPOSIUM-UPG-2025.pdf\u00bb url_new_window=\u00bbon\u00bb button_text=\u00bbAccede \u00f3 programa en galego\u00bb button_alignment=\u00bbcenter\u00bb _builder_version=\u00bb4.27.4&#8243; _module_preset=\u00bbdefault\u00bb global_colors_info=\u00bb{}\u00bb][\/et_pb_button][\/et_pb_column][\/et_pb_row][\/et_pb_section][et_pb_section fb_built=\u00bb1&#8243; _builder_version=\u00bb4.27.4&#8243; _module_preset=\u00bbdefault\u00bb background_color=\u00bb#ffffff\u00bb custom_padding=\u00bb15px||15px||false|false\u00bb global_colors_info=\u00bb{}\u00bb][et_pb_row _builder_version=\u00bb4.27.4&#8243; _module_preset=\u00bbdefault\u00bb custom_margin=\u00bb0px|auto||auto|false|false\u00bb custom_padding=\u00bb0px||0px||false|false\u00bb global_colors_info=\u00bb{}\u00bb][et_pb_column type=\u00bb4_4&#8243; _builder_version=\u00bb4.27.4&#8243; _module_preset=\u00bbdefault\u00bb global_colors_info=\u00bb{}\u00bb][et_pb_divider _builder_version=\u00bb4.27.4&#8243; _module_preset=\u00bbdefault\u00bb global_colors_info=\u00bb{}\u00bb][\/et_pb_divider][\/et_pb_column][\/et_pb_row][et_pb_row _builder_version=\u00bb4.27.4&#8243; _module_preset=\u00bbdefault\u00bb global_colors_info=\u00bb{}\u00bb][et_pb_column type=\u00bb4_4&#8243; _builder_version=\u00bb4.27.4&#8243; _module_preset=\u00bbdefault\u00bb global_colors_info=\u00bb{}\u00bb][et_pb_text _builder_version=\u00bb4.27.4&#8243; _module_preset=\u00bbdefault\u00bb global_colors_info=\u00bb{}\u00bb]<\/p>\n<h2>Otras noticias<\/h2>\n<p>[\/et_pb_text][\/et_pb_column][\/et_pb_row][et_pb_row _builder_version=\u00bb4.27.4&#8243; _module_preset=\u00bbdefault\u00bb global_colors_info=\u00bb{}\u00bb admin_label=\u00bbM\u00d3DULO &#8211; BLOG &#8211; NOTICIAS\u00bb][et_pb_column type=\u00bb4_4&#8243; _builder_version=\u00bb4.27.4&#8243; _module_preset=\u00bbdefault\u00bb global_colors_info=\u00bb{}\u00bb][et_pb_divider _builder_version=\u00bb4.27.4&#8243; _module_preset=\u00bbdefault\u00bb global_colors_info=\u00bb{}\u00bb][\/et_pb_divider][et_pb_blog fullwidth=\u00bboff\u00bb posts_number=\u00bb3&#8243; include_categories=\u00bb93&#8243; show_author=\u00bboff\u00bb show_date=\u00bboff\u00bb show_categories=\u00bboff\u00bb show_excerpt=\u00bboff\u00bb show_pagination=\u00bboff\u00bb _builder_version=\u00bb4.27.4&#8243; _module_preset=\u00bbdefault\u00bb global_colors_info=\u00bb{}\u00bb][\/et_pb_blog][et_pb_divider _builder_version=\u00bb4.27.4&#8243; _module_preset=\u00bbdefault\u00bb global_colors_info=\u00bb{}\u00bb][\/et_pb_divider][et_pb_text _builder_version=\u00bb4.27.4&#8243; _module_preset=\u00bbdefault\u00bb text_text_color=\u00bb#FFFFFF\u00bb text_font_size=\u00bb15px\u00bb header_text_align=\u00bbcenter\u00bb header_2_text_align=\u00bbcenter\u00bb text_orientation=\u00bbcenter\u00bb global_colors_info=\u00bb{}\u00bb]<\/p>\n<p>Copyright <a href=\"https:\/\/gestudiosmultimedia.com\/\">G Estudios Multimedia<\/a> 2025 &#8211; <a href=\"https:\/\/unionprofesionaldegalicia.org\/aviso-legal\/\">Aviso Legal<\/a> &#8211; <a href=\"https:\/\/unionprofesionaldegalicia.org\/politicas-de-cookies\/\">Pol\u00edtica de cookies<\/a> &#8211; <a href=\"https:\/\/unionprofesionaldegalicia.org\/politica-privacidad\/\">Pol\u00edtica de privacidad<\/a><\/p>\n<p>[\/et_pb_text][\/et_pb_column][\/et_pb_row][\/et_pb_section]<\/p>\n","protected":false},"excerpt":{"rendered":"<p>Simposium de innovaci\u00f3n y compromiso profesional 2025Desde Uni\u00f3n Profesional de Galicia, organizamos el Simposium de Innovaci\u00f3n Tecnol\u00f3gica y Compromiso Social 2025, un evento clave para el desarrollo profesional y social de nuestra comunidad. La cita ser\u00e1 el pr\u00f3ximo 10 de mayo en el Hotel Oca Puerta del Camino, Santiago de Compostela. \ud83d\udd58 Ma\u00f1ana 09:45 h [&hellip;]<\/p>\n","protected":false},"author":2,"featured_media":806,"comment_status":"closed","ping_status":"open","sticky":false,"template":"","format":"standard","meta":{"_et_pb_use_builder":"on","_et_pb_old_content":"","_et_gb_content_width":"1080","footnotes":""},"categories":[41],"tags":[16,17,18,15,14,19],"class_list":["post-1007","post","type-post","status-publish","format-standard","has-post-thumbnail","hentry","category-noticias-union-profesional-de-galicia","tag-compromiso-social","tag-eventos-upg","tag-excelencia-profesional","tag-innovacion-tecnologica","tag-simposium-2025","tag-union-profesional-de-galicia"],"yoast_head":"<!-- This site is optimized with the Yoast SEO plugin v27.4 - https:\/\/yoast.com\/product\/yoast-seo-wordpress\/ -->\n<title>Simposium Innovaci\u00f3n y Compromiso Social Galicia 2025<\/title>\n<meta name=\"description\" content=\"\u00danete al Simposium de Innovaci\u00f3n Tecnol\u00f3gica y Compromiso Social 2025 de Uni\u00f3n Profesional de Galicia. Consulta el programa e inscr\u00edbete ya.\" \/>\n<meta name=\"robots\" content=\"index, follow, max-snippet:-1, max-image-preview:large, max-video-preview:-1\" \/>\n<link rel=\"canonical\" href=\"https:\/\/unionprofesionaldegalicia.org\/gl\/simposium-innovacion-compromiso-social-galicia-2025\/\" \/>\n<meta property=\"og:locale\" content=\"gl_ES\" \/>\n<meta property=\"og:type\" content=\"article\" \/>\n<meta property=\"og:title\" content=\"Simposium Innovaci\u00f3n y Compromiso Social Galicia 2025\" \/>\n<meta property=\"og:description\" content=\"\u00danete al Simposium de Innovaci\u00f3n Tecnol\u00f3gica y Compromiso Social 2025 de Uni\u00f3n Profesional de Galicia. Consulta el programa e inscr\u00edbete ya.\" \/>\n<meta property=\"og:url\" content=\"https:\/\/unionprofesionaldegalicia.org\/gl\/simposium-innovacion-compromiso-social-galicia-2025\/\" \/>\n<meta property=\"og:site_name\" content=\"Uni\u00f3n Profesional de Galicia\" \/>\n<meta property=\"article:published_time\" content=\"2025-04-22T15:39:36+00:00\" \/>\n<meta property=\"article:modified_time\" content=\"2025-07-17T11:21:35+00:00\" \/>\n<meta property=\"og:image\" content=\"https:\/\/unionprofesionaldegalicia.org\/wp-content\/uploads\/2025\/03\/Simposium-10-de-mayo-Union-Profesional-de-Galicia.jpg\" \/>\n\t<meta property=\"og:image:width\" content=\"1280\" \/>\n\t<meta property=\"og:image:height\" content=\"720\" \/>\n\t<meta property=\"og:image:type\" content=\"image\/jpeg\" \/>\n<meta name=\"author\" content=\"Miguel Fern\u00e1ndez Castro\" \/>\n<meta name=\"twitter:card\" content=\"summary_large_image\" \/>\n<meta name=\"twitter:label1\" content=\"Escrito por\" \/>\n\t<meta name=\"twitter:data1\" content=\"Miguel Fern\u00e1ndez Castro\" \/>\n\t<meta name=\"twitter:label2\" content=\"Tempo de lectura\" \/>\n\t<meta name=\"twitter:data2\" content=\"6 minutos\" \/>\n<script type=\"application\/ld+json\" class=\"yoast-schema-graph\">{\"@context\":\"https:\\\/\\\/schema.org\",\"@graph\":[{\"@type\":\"Article\",\"@id\":\"https:\\\/\\\/unionprofesionaldegalicia.org\\\/simposium-innovacion-compromiso-social-galicia-2025\\\/#article\",\"isPartOf\":{\"@id\":\"https:\\\/\\\/unionprofesionaldegalicia.org\\\/simposium-innovacion-compromiso-social-galicia-2025\\\/\"},\"author\":{\"name\":\"Miguel Fern\u00e1ndez Castro\",\"@id\":\"https:\\\/\\\/unionprofesionaldegalicia.org\\\/#\\\/schema\\\/person\\\/1f5f151f1b6733621ffef1586f99d1e0\"},\"headline\":\"Simposium de innovaci\u00f3n y compromiso profesional\",\"datePublished\":\"2025-04-22T15:39:36+00:00\",\"dateModified\":\"2025-07-17T11:21:35+00:00\",\"mainEntityOfPage\":{\"@id\":\"https:\\\/\\\/unionprofesionaldegalicia.org\\\/simposium-innovacion-compromiso-social-galicia-2025\\\/\"},\"wordCount\":1618,\"publisher\":{\"@id\":\"https:\\\/\\\/unionprofesionaldegalicia.org\\\/#organization\"},\"image\":{\"@id\":\"https:\\\/\\\/unionprofesionaldegalicia.org\\\/simposium-innovacion-compromiso-social-galicia-2025\\\/#primaryimage\"},\"thumbnailUrl\":\"https:\\\/\\\/unionprofesionaldegalicia.org\\\/wp-content\\\/uploads\\\/2025\\\/03\\\/Simposium-10-de-mayo-Union-Profesional-de-Galicia.jpg\",\"keywords\":[\"Compromiso social\",\"Eventos UPG\",\"Excelencia profesional\",\"Innovaci\u00f3n tecnol\u00f3gica\",\"Simposium 2025\",\"Uni\u00f3n Profesional de Galicia\"],\"articleSection\":[\"Noticias Uni\u00f3n Profesional de Galicia\"],\"inLanguage\":\"gl-ES\"},{\"@type\":\"WebPage\",\"@id\":\"https:\\\/\\\/unionprofesionaldegalicia.org\\\/simposium-innovacion-compromiso-social-galicia-2025\\\/\",\"url\":\"https:\\\/\\\/unionprofesionaldegalicia.org\\\/simposium-innovacion-compromiso-social-galicia-2025\\\/\",\"name\":\"Simposium Innovaci\u00f3n y Compromiso Social Galicia 2025\",\"isPartOf\":{\"@id\":\"https:\\\/\\\/unionprofesionaldegalicia.org\\\/#website\"},\"primaryImageOfPage\":{\"@id\":\"https:\\\/\\\/unionprofesionaldegalicia.org\\\/simposium-innovacion-compromiso-social-galicia-2025\\\/#primaryimage\"},\"image\":{\"@id\":\"https:\\\/\\\/unionprofesionaldegalicia.org\\\/simposium-innovacion-compromiso-social-galicia-2025\\\/#primaryimage\"},\"thumbnailUrl\":\"https:\\\/\\\/unionprofesionaldegalicia.org\\\/wp-content\\\/uploads\\\/2025\\\/03\\\/Simposium-10-de-mayo-Union-Profesional-de-Galicia.jpg\",\"datePublished\":\"2025-04-22T15:39:36+00:00\",\"dateModified\":\"2025-07-17T11:21:35+00:00\",\"description\":\"\u00danete al Simposium de Innovaci\u00f3n Tecnol\u00f3gica y Compromiso Social 2025 de Uni\u00f3n Profesional de Galicia. Consulta el programa e inscr\u00edbete ya.\",\"breadcrumb\":{\"@id\":\"https:\\\/\\\/unionprofesionaldegalicia.org\\\/simposium-innovacion-compromiso-social-galicia-2025\\\/#breadcrumb\"},\"inLanguage\":\"gl-ES\",\"potentialAction\":[{\"@type\":\"ReadAction\",\"target\":[\"https:\\\/\\\/unionprofesionaldegalicia.org\\\/simposium-innovacion-compromiso-social-galicia-2025\\\/\"]}]},{\"@type\":\"ImageObject\",\"inLanguage\":\"gl-ES\",\"@id\":\"https:\\\/\\\/unionprofesionaldegalicia.org\\\/simposium-innovacion-compromiso-social-galicia-2025\\\/#primaryimage\",\"url\":\"https:\\\/\\\/unionprofesionaldegalicia.org\\\/wp-content\\\/uploads\\\/2025\\\/03\\\/Simposium-10-de-mayo-Union-Profesional-de-Galicia.jpg\",\"contentUrl\":\"https:\\\/\\\/unionprofesionaldegalicia.org\\\/wp-content\\\/uploads\\\/2025\\\/03\\\/Simposium-10-de-mayo-Union-Profesional-de-Galicia.jpg\",\"width\":1280,\"height\":720},{\"@type\":\"BreadcrumbList\",\"@id\":\"https:\\\/\\\/unionprofesionaldegalicia.org\\\/simposium-innovacion-compromiso-social-galicia-2025\\\/#breadcrumb\",\"itemListElement\":[{\"@type\":\"ListItem\",\"position\":1,\"name\":\"Portada\",\"item\":\"https:\\\/\\\/unionprofesionaldegalicia.org\\\/\"},{\"@type\":\"ListItem\",\"position\":2,\"name\":\"Simposium de innovaci\u00f3n y compromiso profesional\"}]},{\"@type\":\"WebSite\",\"@id\":\"https:\\\/\\\/unionprofesionaldegalicia.org\\\/#website\",\"url\":\"https:\\\/\\\/unionprofesionaldegalicia.org\\\/\",\"name\":\"Uni\u00f3n Profesional de Galicia\",\"description\":\"La Uni\u00f3n Profesional de Galicia es la entidad que agrupa a 44 colegios profesionales y act\u00faa como nexo entre ellos y la Administraci\u00f3n para impulsar iniciativas que fortalecen el ejercicio profesional y mejoran la actividad judicial.\",\"publisher\":{\"@id\":\"https:\\\/\\\/unionprofesionaldegalicia.org\\\/#organization\"},\"potentialAction\":[{\"@type\":\"SearchAction\",\"target\":{\"@type\":\"EntryPoint\",\"urlTemplate\":\"https:\\\/\\\/unionprofesionaldegalicia.org\\\/?s={search_term_string}\"},\"query-input\":{\"@type\":\"PropertyValueSpecification\",\"valueRequired\":true,\"valueName\":\"search_term_string\"}}],\"inLanguage\":\"gl-ES\"},{\"@type\":\"Organization\",\"@id\":\"https:\\\/\\\/unionprofesionaldegalicia.org\\\/#organization\",\"name\":\"Uni\u00f3n Profesional de Galicia\",\"url\":\"https:\\\/\\\/unionprofesionaldegalicia.org\\\/\",\"logo\":{\"@type\":\"ImageObject\",\"inLanguage\":\"gl-ES\",\"@id\":\"https:\\\/\\\/unionprofesionaldegalicia.org\\\/#\\\/schema\\\/logo\\\/image\\\/\",\"url\":\"https:\\\/\\\/unionprofesionaldegalicia.org\\\/wp-content\\\/uploads\\\/2024\\\/12\\\/Logo-Union-Profesional.jpg\",\"contentUrl\":\"https:\\\/\\\/unionprofesionaldegalicia.org\\\/wp-content\\\/uploads\\\/2024\\\/12\\\/Logo-Union-Profesional.jpg\",\"width\":200,\"height\":71,\"caption\":\"Uni\u00f3n Profesional de Galicia\"},\"image\":{\"@id\":\"https:\\\/\\\/unionprofesionaldegalicia.org\\\/#\\\/schema\\\/logo\\\/image\\\/\"}},{\"@type\":\"Person\",\"@id\":\"https:\\\/\\\/unionprofesionaldegalicia.org\\\/#\\\/schema\\\/person\\\/1f5f151f1b6733621ffef1586f99d1e0\",\"name\":\"Miguel Fern\u00e1ndez Castro\",\"image\":{\"@type\":\"ImageObject\",\"inLanguage\":\"gl-ES\",\"@id\":\"https:\\\/\\\/secure.gravatar.com\\\/avatar\\\/56b998da338d19949582cc65096ee27ca386ba244f98bd3a6912608ca1f77a9a?s=96&d=mm&r=g\",\"url\":\"https:\\\/\\\/secure.gravatar.com\\\/avatar\\\/56b998da338d19949582cc65096ee27ca386ba244f98bd3a6912608ca1f77a9a?s=96&d=mm&r=g\",\"contentUrl\":\"https:\\\/\\\/secure.gravatar.com\\\/avatar\\\/56b998da338d19949582cc65096ee27ca386ba244f98bd3a6912608ca1f77a9a?s=96&d=mm&r=g\",\"caption\":\"Miguel Fern\u00e1ndez Castro\"},\"sameAs\":[\"https:\\\/\\\/gestudiosmultimedia.com\"],\"url\":\"https:\\\/\\\/unionprofesionaldegalicia.org\\\/gl\\\/author\\\/miguelgestudiosmultimedia-com\\\/\"}]}<\/script>\n<!-- \/ Yoast SEO plugin. -->","yoast_head_json":{"title":"Simposium Innovaci\u00f3n y Compromiso Social Galicia 2025","description":"\u00danete al Simposium de Innovaci\u00f3n Tecnol\u00f3gica y Compromiso Social 2025 de Uni\u00f3n Profesional de Galicia. Consulta el programa e inscr\u00edbete ya.","robots":{"index":"index","follow":"follow","max-snippet":"max-snippet:-1","max-image-preview":"max-image-preview:large","max-video-preview":"max-video-preview:-1"},"canonical":"https:\/\/unionprofesionaldegalicia.org\/gl\/simposium-innovacion-compromiso-social-galicia-2025\/","og_locale":"gl_ES","og_type":"article","og_title":"Simposium Innovaci\u00f3n y Compromiso Social Galicia 2025","og_description":"\u00danete al Simposium de Innovaci\u00f3n Tecnol\u00f3gica y Compromiso Social 2025 de Uni\u00f3n Profesional de Galicia. Consulta el programa e inscr\u00edbete ya.","og_url":"https:\/\/unionprofesionaldegalicia.org\/gl\/simposium-innovacion-compromiso-social-galicia-2025\/","og_site_name":"Uni\u00f3n Profesional de Galicia","article_published_time":"2025-04-22T15:39:36+00:00","article_modified_time":"2025-07-17T11:21:35+00:00","og_image":[{"width":1280,"height":720,"url":"https:\/\/unionprofesionaldegalicia.org\/wp-content\/uploads\/2025\/03\/Simposium-10-de-mayo-Union-Profesional-de-Galicia.jpg","type":"image\/jpeg"}],"author":"Miguel Fern\u00e1ndez Castro","twitter_card":"summary_large_image","twitter_misc":{"Escrito por":"Miguel Fern\u00e1ndez Castro","Tempo de lectura":"6 minutos"},"schema":{"@context":"https:\/\/schema.org","@graph":[{"@type":"Article","@id":"https:\/\/unionprofesionaldegalicia.org\/simposium-innovacion-compromiso-social-galicia-2025\/#article","isPartOf":{"@id":"https:\/\/unionprofesionaldegalicia.org\/simposium-innovacion-compromiso-social-galicia-2025\/"},"author":{"name":"Miguel Fern\u00e1ndez Castro","@id":"https:\/\/unionprofesionaldegalicia.org\/#\/schema\/person\/1f5f151f1b6733621ffef1586f99d1e0"},"headline":"Simposium de innovaci\u00f3n y compromiso profesional","datePublished":"2025-04-22T15:39:36+00:00","dateModified":"2025-07-17T11:21:35+00:00","mainEntityOfPage":{"@id":"https:\/\/unionprofesionaldegalicia.org\/simposium-innovacion-compromiso-social-galicia-2025\/"},"wordCount":1618,"publisher":{"@id":"https:\/\/unionprofesionaldegalicia.org\/#organization"},"image":{"@id":"https:\/\/unionprofesionaldegalicia.org\/simposium-innovacion-compromiso-social-galicia-2025\/#primaryimage"},"thumbnailUrl":"https:\/\/unionprofesionaldegalicia.org\/wp-content\/uploads\/2025\/03\/Simposium-10-de-mayo-Union-Profesional-de-Galicia.jpg","keywords":["Compromiso social","Eventos UPG","Excelencia profesional","Innovaci\u00f3n tecnol\u00f3gica","Simposium 2025","Uni\u00f3n Profesional de Galicia"],"articleSection":["Noticias Uni\u00f3n Profesional de Galicia"],"inLanguage":"gl-ES"},{"@type":"WebPage","@id":"https:\/\/unionprofesionaldegalicia.org\/simposium-innovacion-compromiso-social-galicia-2025\/","url":"https:\/\/unionprofesionaldegalicia.org\/simposium-innovacion-compromiso-social-galicia-2025\/","name":"Simposium Innovaci\u00f3n y Compromiso Social Galicia 2025","isPartOf":{"@id":"https:\/\/unionprofesionaldegalicia.org\/#website"},"primaryImageOfPage":{"@id":"https:\/\/unionprofesionaldegalicia.org\/simposium-innovacion-compromiso-social-galicia-2025\/#primaryimage"},"image":{"@id":"https:\/\/unionprofesionaldegalicia.org\/simposium-innovacion-compromiso-social-galicia-2025\/#primaryimage"},"thumbnailUrl":"https:\/\/unionprofesionaldegalicia.org\/wp-content\/uploads\/2025\/03\/Simposium-10-de-mayo-Union-Profesional-de-Galicia.jpg","datePublished":"2025-04-22T15:39:36+00:00","dateModified":"2025-07-17T11:21:35+00:00","description":"\u00danete al Simposium de Innovaci\u00f3n Tecnol\u00f3gica y Compromiso Social 2025 de Uni\u00f3n Profesional de Galicia. Consulta el programa e inscr\u00edbete ya.","breadcrumb":{"@id":"https:\/\/unionprofesionaldegalicia.org\/simposium-innovacion-compromiso-social-galicia-2025\/#breadcrumb"},"inLanguage":"gl-ES","potentialAction":[{"@type":"ReadAction","target":["https:\/\/unionprofesionaldegalicia.org\/simposium-innovacion-compromiso-social-galicia-2025\/"]}]},{"@type":"ImageObject","inLanguage":"gl-ES","@id":"https:\/\/unionprofesionaldegalicia.org\/simposium-innovacion-compromiso-social-galicia-2025\/#primaryimage","url":"https:\/\/unionprofesionaldegalicia.org\/wp-content\/uploads\/2025\/03\/Simposium-10-de-mayo-Union-Profesional-de-Galicia.jpg","contentUrl":"https:\/\/unionprofesionaldegalicia.org\/wp-content\/uploads\/2025\/03\/Simposium-10-de-mayo-Union-Profesional-de-Galicia.jpg","width":1280,"height":720},{"@type":"BreadcrumbList","@id":"https:\/\/unionprofesionaldegalicia.org\/simposium-innovacion-compromiso-social-galicia-2025\/#breadcrumb","itemListElement":[{"@type":"ListItem","position":1,"name":"Portada","item":"https:\/\/unionprofesionaldegalicia.org\/"},{"@type":"ListItem","position":2,"name":"Simposium de innovaci\u00f3n y compromiso profesional"}]},{"@type":"WebSite","@id":"https:\/\/unionprofesionaldegalicia.org\/#website","url":"https:\/\/unionprofesionaldegalicia.org\/","name":"Uni\u00f3n Profesional de Galicia","description":"La Uni\u00f3n Profesional de Galicia es la entidad que agrupa a 44 colegios profesionales y act\u00faa como nexo entre ellos y la Administraci\u00f3n para impulsar iniciativas que fortalecen el ejercicio profesional y mejoran la actividad judicial.","publisher":{"@id":"https:\/\/unionprofesionaldegalicia.org\/#organization"},"potentialAction":[{"@type":"SearchAction","target":{"@type":"EntryPoint","urlTemplate":"https:\/\/unionprofesionaldegalicia.org\/?s={search_term_string}"},"query-input":{"@type":"PropertyValueSpecification","valueRequired":true,"valueName":"search_term_string"}}],"inLanguage":"gl-ES"},{"@type":"Organization","@id":"https:\/\/unionprofesionaldegalicia.org\/#organization","name":"Uni\u00f3n Profesional de Galicia","url":"https:\/\/unionprofesionaldegalicia.org\/","logo":{"@type":"ImageObject","inLanguage":"gl-ES","@id":"https:\/\/unionprofesionaldegalicia.org\/#\/schema\/logo\/image\/","url":"https:\/\/unionprofesionaldegalicia.org\/wp-content\/uploads\/2024\/12\/Logo-Union-Profesional.jpg","contentUrl":"https:\/\/unionprofesionaldegalicia.org\/wp-content\/uploads\/2024\/12\/Logo-Union-Profesional.jpg","width":200,"height":71,"caption":"Uni\u00f3n Profesional de Galicia"},"image":{"@id":"https:\/\/unionprofesionaldegalicia.org\/#\/schema\/logo\/image\/"}},{"@type":"Person","@id":"https:\/\/unionprofesionaldegalicia.org\/#\/schema\/person\/1f5f151f1b6733621ffef1586f99d1e0","name":"Miguel Fern\u00e1ndez Castro","image":{"@type":"ImageObject","inLanguage":"gl-ES","@id":"https:\/\/secure.gravatar.com\/avatar\/56b998da338d19949582cc65096ee27ca386ba244f98bd3a6912608ca1f77a9a?s=96&d=mm&r=g","url":"https:\/\/secure.gravatar.com\/avatar\/56b998da338d19949582cc65096ee27ca386ba244f98bd3a6912608ca1f77a9a?s=96&d=mm&r=g","contentUrl":"https:\/\/secure.gravatar.com\/avatar\/56b998da338d19949582cc65096ee27ca386ba244f98bd3a6912608ca1f77a9a?s=96&d=mm&r=g","caption":"Miguel Fern\u00e1ndez Castro"},"sameAs":["https:\/\/gestudiosmultimedia.com"],"url":"https:\/\/unionprofesionaldegalicia.org\/gl\/author\/miguelgestudiosmultimedia-com\/"}]}},"_links":{"self":[{"href":"https:\/\/unionprofesionaldegalicia.org\/gl\/wp-json\/wp\/v2\/posts\/1007","targetHints":{"allow":["GET"]}}],"collection":[{"href":"https:\/\/unionprofesionaldegalicia.org\/gl\/wp-json\/wp\/v2\/posts"}],"about":[{"href":"https:\/\/unionprofesionaldegalicia.org\/gl\/wp-json\/wp\/v2\/types\/post"}],"author":[{"embeddable":true,"href":"https:\/\/unionprofesionaldegalicia.org\/gl\/wp-json\/wp\/v2\/users\/2"}],"replies":[{"embeddable":true,"href":"https:\/\/unionprofesionaldegalicia.org\/gl\/wp-json\/wp\/v2\/comments?post=1007"}],"version-history":[{"count":57,"href":"https:\/\/unionprofesionaldegalicia.org\/gl\/wp-json\/wp\/v2\/posts\/1007\/revisions"}],"predecessor-version":[{"id":2043,"href":"https:\/\/unionprofesionaldegalicia.org\/gl\/wp-json\/wp\/v2\/posts\/1007\/revisions\/2043"}],"wp:featuredmedia":[{"embeddable":true,"href":"https:\/\/unionprofesionaldegalicia.org\/gl\/wp-json\/wp\/v2\/media\/806"}],"wp:attachment":[{"href":"https:\/\/unionprofesionaldegalicia.org\/gl\/wp-json\/wp\/v2\/media?parent=1007"}],"wp:term":[{"taxonomy":"category","embeddable":true,"href":"https:\/\/unionprofesionaldegalicia.org\/gl\/wp-json\/wp\/v2\/categories?post=1007"},{"taxonomy":"post_tag","embeddable":true,"href":"https:\/\/unionprofesionaldegalicia.org\/gl\/wp-json\/wp\/v2\/tags?post=1007"}],"curies":[{"name":"wp","href":"https:\/\/api.w.org\/{rel}","templated":true}]}}